{"id":184543,"date":"2020-12-03T19:28:40","date_gmt":"2020-12-03T23:28:40","guid":{"rendered":"https:\/\/elluchador.info\/web\/?p=184543"},"modified":"2020-12-03T19:06:38","modified_gmt":"2020-12-03T23:06:38","slug":"este-video-muestra-el-colapso-del-observatorio-de-arecibo-desde-diferentes-angulos","status":"publish","type":"post","link":"https:\/\/elluchador.info\/?p=184543","title":{"rendered":"Este v\u00eddeo muestra el colapso del Observatorio de Arecibo desde diferentes \u00e1ngulos"},"content":{"rendered":"\n<p><strong>Un v\u00eddeo compartido por la Fundaci\u00f3n Nacional de Ciencias nos muestra el momento exacto del colapso del Observatorio de Arecibo<\/strong><\/p>\n\n\n\n<p>El pasado martes surgi\u00f3 una noticia que conmocion\u00f3 a la comunidad cient\u00edfica:&nbsp;<strong><a href=\"https:\/\/hipertextual.com\/2020\/12\/historico-radiotelescopio-arecibo-se-derrumba-repentinamente\">el Observatorio de Arecibo colaps\u00f3<\/a><\/strong>. El plan original de la Fundaci\u00f3n Nacional de Ciencias (NSF) era desmantelarlo, pues mantener&nbsp;<strong>su operaci\u00f3n representaba un riesgo<\/strong>&nbsp;para quienes trabajaban en el lugar. Sin embargo, ni siquiera dio tiempo para salvar parte de su estructura. Los da\u00f1os del radiotelescopio eran demasiado graves y, por desgracia, se vino abajo en un abrir y cerrar de ojos.<\/p>\n\n\n\n<p>D\u00edas despu\u00e9s de tan lamentable suceso, la propia Fundaci\u00f3n Nacional de Ciencias ha compartido un&nbsp;<strong>v\u00eddeo que nos muestra el momento exacto del derrumbe desde dos \u00e1ngulos distintos<\/strong>. El primero, desde una&nbsp;<strong>c\u00e1mara ubicada en tierra<\/strong>. Concretamente desde el centro de control, que es el lugar donde los trabajadores suelen llevar a cabo sus actividades. Curiosamente, esta c\u00e1mara se hab\u00eda instalado recientemente y solo ten\u00eda un objetivo: grabar un posible colapso.<\/p>\n\n\n\n<p>El primer material tambi\u00e9n es m\u00e1s sorprendente, ya que puedes escuchar el estruendo que provoca el derrumbe. El otro \u00e1ngulo, que no tiene audio, nos permite observar la tragedia desde las alturas. Esta segunda grabaci\u00f3n\u00a0<strong>proviene de un drone<\/strong>\u00a0cuyo prop\u00f3sito era evaluar los da\u00f1os de la torre 4 del Observatorio de Arecibo. La aeronave no tripulada estaba observando los cuatro cables que sostiene la estructura, hasta que uno de ellos se rompe por completo y el resto\u00a0<strong>tampoco pueden soportar las 900 toneladas<\/strong>.<\/p>\n\n\n\n<p>colapso del Observatorio de Arecibo.<\/p>\n\n\n\n<figure class=\"wp-block-image is-style-default\"><img decoding=\"async\" src=\"https:\/\/hipertextual.com\/files\/2020\/12\/arecibo-740x490.jpeg\" alt=\"Este v\u00eddeo muestra el colapso del Observatorio de Arecibo desde diferentes \u00e1ngulos\"\/><figcaption>Observatorio de Arecibo &#8211; Foto de Noticel<\/figcaption><\/figure>\n\n\n\n<p>El pasado martes surgi\u00f3 una noticia que conmocion\u00f3 a la comunidad cient\u00edfica:&nbsp;<strong><a href=\"https:\/\/hipertextual.com\/2020\/12\/historico-radiotelescopio-arecibo-se-derrumba-repentinamente\">el Observatorio de Arecibo colaps\u00f3<\/a><\/strong>. El plan original de la Fundaci\u00f3n Nacional de Ciencias (NSF) era desmantelarlo, pues mantener&nbsp;<strong>su operaci\u00f3n representaba un riesgo<\/strong>&nbsp;para quienes trabajaban en el lugar. Sin embargo, ni siquiera dio tiempo para salvar parte de su estructura. Los da\u00f1os del radiotelescopio eran demasiado graves y, por desgracia, se vino abajo en un abrir y cerrar de ojos.<\/p>\n\n\n\n<p>D\u00edas despu\u00e9s de tan lamentable suceso, la propia Fundaci\u00f3n Nacional de Ciencias ha compartido un&nbsp;<strong>v\u00eddeo que nos muestra el momento exacto del derrumbe desde dos \u00e1ngulos distintos<\/strong>. El primero, desde una&nbsp;<strong>c\u00e1mara ubicada en tierra<\/strong>. Concretamente desde el centro de control, que es el lugar donde los trabajadores suelen llevar a cabo sus actividades. Curiosamente, esta c\u00e1mara se hab\u00eda instalado recientemente y solo ten\u00eda un objetivo: grabar un posible colapso.<\/p>\n\n\n\n<p>El primer material tambi\u00e9n es m\u00e1s sorprendente, ya que puedes escuchar el estruendo que provoca el derrumbe. El otro \u00e1ngulo, que no tiene audio, nos permite observar la tragedia desde las alturas. Esta segunda grabaci\u00f3n&nbsp;<strong>proviene de un drone<\/strong>&nbsp;cuyo prop\u00f3sito era evaluar los da\u00f1os de la torre 4 del Observatorio de Arecibo. La aeronave no tripulada estaba observando los cuatro cables que sostiene la estructura, hasta que uno de ellos se rompe por completo y el resto&nbsp;<strong>tampoco pueden soportar las 900 toneladas<\/strong>.<\/p>\n\n\n\n<figure class=\"wp-block-embed-youtube wp-block-embed is-type-rich is-provider-gestor-del-servicio\"><div class=\"wp-block-embed__wrapper\">\nhttps:\/\/youtube.com\/watch?v=u34uwFOCM-4%3Ffeature%3Doembed%26showinfo%3D0\n<\/div><\/figure>\n\n\n\n<h2 class=\"wp-block-heading\">La seguridad siempre fue prioridad<\/h2>\n\n\n\n<p>Lo rescatable del suceso es&nbsp;<strong>no se reportaron lesionados<\/strong>. Desde semanas atr\u00e1s, la NSF cre\u00f3 una zona de exclusi\u00f3n de con el fin de garantizar la seguridad de los trabajadores. La organizaci\u00f3n se\u00f1ala que crear un \u00e1rea segura fue fundamental para evitar una tragedia todav\u00eda mayor, ya que las estructuras m\u00e1s peligrosas cayeron en lugares previamente definidos. \u00abLa Fundaci\u00f3n Nacional para la Ciencia lamenta lo ocurrido. A medida que avancemos, encontraremos formas de ayudar a la comunidad cient\u00edfica y mantener nuestra s\u00f3lida relaci\u00f3n con el pueblo de Puerto Rico\u00bb, expresaron a trav\u00e9s de Twitter.<\/p>\n\n\n\n<p>A pesar de que la NSF planeaba desmantelarlo,\u00a0<strong>el riesgo de colapso siempre fue latente<\/strong>. \u00abEl telescopio est\u00e1 actualmente en riesgo severo de un colapso inesperado y descontrolado\u00bb, advirti\u00f3 desde mediados de noviembre Ralph Gaume, director de la divisi\u00f3n de Ciencias Astron\u00f3micas de la NFS. Aunque para la comunidad cient\u00edfica era importante desmantelar el Observatorio de Arecibo, siempre fue prioridad la seguridad de todas las personas, inform\u00f3 el propio Gaume.<\/p>\n\n\n\n<figure class=\"wp-block-embed-youtube wp-block-embed is-type-video is-provider-youtube wp-embed-aspect-16-9 wp-has-aspect-ratio\"><div class=\"wp-block-embed__wrapper\">\n<iframe loading=\"lazy\" title=\"Watch the Arecibo Observatory&#039;s catastrophic collapse!\" width=\"696\" height=\"392\" src=\"https:\/\/www.youtube.com\/embed\/u34uwFOCM-4?feature=oembed&#038;enablejsapi=1\" frameborder=\"0\" allow=\"accelerometer; autoplay; clipboard-write; encrypted-media; gyroscope; picture-in-picture; web-share\" referrerpolicy=\"strict-origin-when-cross-origin\" allowfullscreen><\/iframe>\n<\/div><\/figure>\n\n\n\n<p class=\"has-vivid-cyan-blue-color has-text-color\"><strong>Hipertextlua<\/strong><\/p>\n","protected":false},"excerpt":{"rendered":"<p>Un v\u00eddeo compartido por la Fundaci\u00f3n Nacional de Ciencias nos muestra el momento exacto del colapso del Observatorio de Arecibo El pasado martes surgi\u00f3 una noticia que conmocion\u00f3 a la comunidad cient\u00edfica:&nbsp;el Observatorio de Arecibo colaps\u00f3. El plan original de la Fundaci\u00f3n Nacional de Ciencias (NSF) era desmantelarlo, pues mantener&nbsp;su operaci\u00f3n representaba un riesgo&nbsp;para quienes [&hellip;]<\/p>\n","protected":false},"author":19,"featured_media":184545,"comment_status":"closed","ping_status":"closed","sticky":false,"template":"","format":"standard","meta":{"footnotes":""},"categories":[3],"tags":[],"class_list":{"0":"post-184543","1":"post","2":"type-post","3":"status-publish","4":"format-standard","5":"has-post-thumbnail","7":"category-curiosidades"},"_links":{"self":[{"href":"https:\/\/elluchador.info\/index.php?rest_route=\/wp\/v2\/posts\/184543","targetHints":{"allow":["GET"]}}],"collection":[{"href":"https:\/\/elluchador.info\/index.php?rest_route=\/wp\/v2\/posts"}],"about":[{"href":"https:\/\/elluchador.info\/index.php?rest_route=\/wp\/v2\/types\/post"}],"author":[{"embeddable":true,"href":"https:\/\/elluchador.info\/index.php?rest_route=\/wp\/v2\/users\/19"}],"replies":[{"embeddable":true,"href":"https:\/\/elluchador.info\/index.php?rest_route=%2Fwp%2Fv2%2Fcomments&post=184543"}],"version-history":[{"count":2,"href":"https:\/\/elluchador.info\/index.php?rest_route=\/wp\/v2\/posts\/184543\/revisions"}],"predecessor-version":[{"id":184547,"href":"https:\/\/elluchador.info\/index.php?rest_route=\/wp\/v2\/posts\/184543\/revisions\/184547"}],"wp:featuredmedia":[{"embeddable":true,"href":"https:\/\/elluchador.info\/index.php?rest_route=\/wp\/v2\/media\/184545"}],"wp:attachment":[{"href":"https:\/\/elluchador.info\/index.php?rest_route=%2Fwp%2Fv2%2Fmedia&parent=184543"}],"wp:term":[{"taxonomy":"category","embeddable":true,"href":"https:\/\/elluchador.info\/index.php?rest_route=%2Fwp%2Fv2%2Fcategories&post=184543"},{"taxonomy":"post_tag","embeddable":true,"href":"https:\/\/elluchador.info\/index.php?rest_route=%2Fwp%2Fv2%2Ftags&post=184543"}],"curies":[{"name":"wp","href":"https:\/\/api.w.org\/{rel}","templated":true}]}}