{"id":184551,"date":"2020-12-03T20:13:16","date_gmt":"2020-12-04T00:13:16","guid":{"rendered":"https:\/\/elluchador.info\/web\/?p=184551"},"modified":"2020-12-03T20:13:22","modified_gmt":"2020-12-04T00:13:22","slug":"ricardo-montaner-regano-a-evaluna-por-publicar-un-video-subido-de-tono","status":"publish","type":"post","link":"https:\/\/elluchador.info\/?p=184551","title":{"rendered":"\u00bfRicardo Montaner rega\u00f1\u00f3 a Evaluna por publicar un video subido de tono?"},"content":{"rendered":"\n<p>Evaluna Montaner y Camilo Echeverry contin\u00faan derrochando romanticismo en sus redes sociales, donde sus fans adoran ver la gran complicidad que tienen.<\/p>\n\n\n\n<p>En esta ocasi\u00f3n\u00a0fue la hija de Ricardo Montaner\u00a0la que provoc\u00f3 una reacci\u00f3n en su marido al compartir en su perfil de Instagram unos sensuales movimientos de cintura al ritmo de la \u00faltima canci\u00f3n del colombiano,\u00a0<em>Beb\u00e9<\/em>, en colaboraci\u00f3n con\u00a0el dominicano El Alfa.<\/p>\n\n\n\n<p>En el v\u00eddeo, el cual acumula m\u00e1s de un mill\u00f3n de visualizaciones, vemos a Evaluna luciendo una camiseta corta y un short y sacando a relucir sus mejores movimientos mientras suena el tema&nbsp;de fondo y tararea alguna que otra estrofa ante la c\u00e1mara con rostro sexy.<\/p>\n\n\n\n<p>La reacci\u00f3n de Camilo no se hizo esperar. \u201cMe derrito\u201d, coment\u00f3 el int\u00e9rprete de\u00a0<em>Tutu<\/em>, mientras que Ricardo Montaner escribi\u00f3 en la publicaci\u00f3n: \u201cPero y entonces?\u201d.<\/p>\n\n\n\n<p class=\"has-vivid-red-color has-text-color\"><strong>Elfarandi<\/strong><\/p>\n","protected":false},"excerpt":{"rendered":"<p>Evaluna Montaner y Camilo Echeverry contin\u00faan derrochando romanticismo en sus redes sociales, donde sus fans adoran ver la gran complicidad que tienen. En esta ocasi\u00f3n\u00a0fue la hija de Ricardo Montaner\u00a0la que provoc\u00f3 una reacci\u00f3n en su marido al compartir en su perfil de Instagram unos sensuales movimientos de cintura al ritmo de la \u00faltima canci\u00f3n [&hellip;]<\/p>\n","protected":false},"author":19,"featured_media":184556,"comment_status":"closed","ping_status":"closed","sticky":false,"template":"","format":"standard","meta":{"footnotes":""},"categories":[7],"tags":[],"class_list":{"0":"post-184551","1":"post","2":"type-post","3":"status-publish","4":"format-standard","5":"has-post-thumbnail","7":"category-entretenimiento"},"_links":{"self":[{"href":"https:\/\/elluchador.info\/index.php?rest_route=\/wp\/v2\/posts\/184551","targetHints":{"allow":["GET"]}}],"collection":[{"href":"https:\/\/elluchador.info\/index.php?rest_route=\/wp\/v2\/posts"}],"about":[{"href":"https:\/\/elluchador.info\/index.php?rest_route=\/wp\/v2\/types\/post"}],"author":[{"embeddable":true,"href":"https:\/\/elluchador.info\/index.php?rest_route=\/wp\/v2\/users\/19"}],"replies":[{"embeddable":true,"href":"https:\/\/elluchador.info\/index.php?rest_route=%2Fwp%2Fv2%2Fcomments&post=184551"}],"version-history":[{"count":1,"href":"https:\/\/elluchador.info\/index.php?rest_route=\/wp\/v2\/posts\/184551\/revisions"}],"predecessor-version":[{"id":184557,"href":"https:\/\/elluchador.info\/index.php?rest_route=\/wp\/v2\/posts\/184551\/revisions\/184557"}],"wp:featuredmedia":[{"embeddable":true,"href":"https:\/\/elluchador.info\/index.php?rest_route=\/wp\/v2\/media\/184556"}],"wp:attachment":[{"href":"https:\/\/elluchador.info\/index.php?rest_route=%2Fwp%2Fv2%2Fmedia&parent=184551"}],"wp:term":[{"taxonomy":"category","embeddable":true,"href":"https:\/\/elluchador.info\/index.php?rest_route=%2Fwp%2Fv2%2Fcategories&post=184551"},{"taxonomy":"post_tag","embeddable":true,"href":"https:\/\/elluchador.info\/index.php?rest_route=%2Fwp%2Fv2%2Ftags&post=184551"}],"curies":[{"name":"wp","href":"https:\/\/api.w.org\/{rel}","templated":true}]}}