{"id":184561,"date":"2020-12-03T20:52:05","date_gmt":"2020-12-04T00:52:05","guid":{"rendered":"https:\/\/elluchador.info\/web\/?p=184561"},"modified":"2020-12-03T20:49:40","modified_gmt":"2020-12-04T00:49:40","slug":"unicef-ninos-venezolanos-migrantes-necesitaran-asistencia-humanitaria-en-2021","status":"publish","type":"post","link":"https:\/\/elluchador.info\/?p=184561","title":{"rendered":"Unicef: Ni\u00f1os venezolanos migrantes necesitar\u00e1n asistencia humanitaria en 2021"},"content":{"rendered":"\n<p>\u201cUnicef est\u00e1 buscando urgentemente m\u00e1s de 500 millones de d\u00f3lares para proporcionar asistencia vital a 17,4 millones de personas, incluidos 11,7 millones de ni\u00f1os, ni\u00f1as y adolescentes en Am\u00e9rica Latina y el Caribe el pr\u00f3ximo a\u00f1o\u201d, se\u00f1al\u00f3 la agencia de las Naciones Unidas.<\/p>\n\n\n\n<p>Es \u201cel mayor llamamiento regional de fondos de emergencia de su historia\u201d, agreg\u00f3 Unicef en un comunicado desde su sede regional en Panam\u00e1.<\/p>\n\n\n\n<p>La nota advierte que en Am\u00e9rica Latina y el Caribe, al menos 23,4 millones de ni\u00f1os necesitan asistencia humanitaria, m\u00e1s del triple que en el a\u00f1o anterior.<\/p>\n\n\n\n<p> Indic\u00f3 que el impacto econ\u00f3mico de la pandemia ha empujado a millones de familias y sus hijos a la pobreza.<\/p>\n\n\n\n<p>Se estima que el pr\u00f3ximo a\u00f1o, 4,3 millones de ni\u00f1os de Venezuela en los pa\u00edses de acogida y otros 6,8 millones de ni\u00f1os migrantes en M\u00e9xico y Centroam\u00e9rica necesitar\u00e1n asistencia humanitaria, advirti\u00f3 Unicef.<\/p>\n\n\n\n<p>El comunicado tambi\u00e9n resalt\u00f3 que Unicef atiende actualmente a m\u00e1s de 646.000 personas de las zonas m\u00e1s afectadas de Belice, Guatemala, Honduras y Nicaragua por los ciclones Eta e Iota.<\/p>\n\n\n\n<p>El Nacional <\/p>\n","protected":false},"excerpt":{"rendered":"<p>\u201cUnicef est\u00e1 buscando urgentemente m\u00e1s de 500 millones de d\u00f3lares para proporcionar asistencia vital a 17,4 millones de personas, incluidos 11,7 millones de ni\u00f1os, ni\u00f1as y adolescentes en Am\u00e9rica Latina y el Caribe el pr\u00f3ximo a\u00f1o\u201d, se\u00f1al\u00f3 la agencia de las Naciones Unidas. Es \u201cel mayor llamamiento regional de fondos de emergencia de su historia\u201d, [&hellip;]<\/p>\n","protected":false},"author":2,"featured_media":184569,"comment_status":"closed","ping_status":"closed","sticky":false,"template":"","format":"standard","meta":{"footnotes":""},"categories":[5,8],"tags":[],"class_list":{"0":"post-184561","1":"post","2":"type-post","3":"status-publish","4":"format-standard","5":"has-post-thumbnail","7":"category-destacado","8":"category-internacionales"},"_links":{"self":[{"href":"https:\/\/elluchador.info\/index.php?rest_route=\/wp\/v2\/posts\/184561","targetHints":{"allow":["GET"]}}],"collection":[{"href":"https:\/\/elluchador.info\/index.php?rest_route=\/wp\/v2\/posts"}],"about":[{"href":"https:\/\/elluchador.info\/index.php?rest_route=\/wp\/v2\/types\/post"}],"author":[{"embeddable":true,"href":"https:\/\/elluchador.info\/index.php?rest_route=\/wp\/v2\/users\/2"}],"replies":[{"embeddable":true,"href":"https:\/\/elluchador.info\/index.php?rest_route=%2Fwp%2Fv2%2Fcomments&post=184561"}],"version-history":[{"count":1,"href":"https:\/\/elluchador.info\/index.php?rest_route=\/wp\/v2\/posts\/184561\/revisions"}],"predecessor-version":[{"id":184570,"href":"https:\/\/elluchador.info\/index.php?rest_route=\/wp\/v2\/posts\/184561\/revisions\/184570"}],"wp:featuredmedia":[{"embeddable":true,"href":"https:\/\/elluchador.info\/index.php?rest_route=\/wp\/v2\/media\/184569"}],"wp:attachment":[{"href":"https:\/\/elluchador.info\/index.php?rest_route=%2Fwp%2Fv2%2Fmedia&parent=184561"}],"wp:term":[{"taxonomy":"category","embeddable":true,"href":"https:\/\/elluchador.info\/index.php?rest_route=%2Fwp%2Fv2%2Fcategories&post=184561"},{"taxonomy":"post_tag","embeddable":true,"href":"https:\/\/elluchador.info\/index.php?rest_route=%2Fwp%2Fv2%2Ftags&post=184561"}],"curies":[{"name":"wp","href":"https:\/\/api.w.org\/{rel}","templated":true}]}}