{"id":184603,"date":"2020-12-04T09:43:53","date_gmt":"2020-12-04T13:43:53","guid":{"rendered":"https:\/\/elluchador.info\/web\/?p=184603"},"modified":"2020-12-04T09:34:12","modified_gmt":"2020-12-04T13:34:12","slug":"los-cuidados-invisibles-las-enfermeras-detras-del-covid-19","status":"publish","type":"post","link":"https:\/\/elluchador.info\/?p=184603","title":{"rendered":"Los cuidados invisibles: las enfermeras detr\u00e1s del covid-19"},"content":{"rendered":"\n<p>Este a\u00f1o se conmemora el 200 aniversario del nacimiento de&nbsp;<a href=\"https:\/\/theconversation.com\/florence-nightingale-la-dama-de-la-lampara-que-salvo-miles-de-vidas-con-una-grafica-109443\">Florence Nightingale<\/a>, precursora de la enfermer\u00eda moderna. En sinton\u00eda con la efem\u00e9ride, la Organizaci\u00f3n Mundial de la Salud ha designado 2020 como&nbsp;<a href=\"https:\/\/www.who.int\/es\/campaigns\/year-of-the-nurse-and-the-midwife-2020\">A\u00f1o Internacional de la Enfermera y de la Matrona<\/a>.<\/p>\n\n\n\n<p>En la misma l\u00ednea, una multitud de agencias de salud se ha adherido a la&nbsp;<a href=\"https:\/\/www.elsevier.com\/es-es\/connect\/enfermeria\/nursing-now-2020\">campa\u00f1a Nursing Now<\/a>, una iniciativa global orientada a potenciar la visibilidad y puesta en valor de la disciplina enfermera y fortalecer su liderazgo y participaci\u00f3n en la toma de decisiones.<\/p>\n\n\n\n<p>Sin embargo, las acciones y actividades programadas a tal efecto pronto se vieron truncadas con la irrupci\u00f3n de la pandemia de covid-19, trasladando nuevamente a las enfermeras a la primera l\u00ednea de batalla.<\/p>\n\n\n\n<p>El compromiso de las enfermeras con la sociedad y su capacitaci\u00f3n t\u00e9cnica han relucido de forma natural entre quienes han sufrido los efectos de la enfermedad. Pero han permanecido ajenas a los focos y micr\u00f3fonos de los medios de comunicaci\u00f3n.<\/p>\n\n\n\n<p>Con independencia del \u00e1mbito de competencia en que se desarrollen, la contribuci\u00f3n de las enfermeras a la mejora de la salud de las personas y comunidades ha sido a menudo reconocida, aunque escasamente representada.<\/p>\n\n\n\n<p>Su modesta presencia en peri\u00f3dicos, tertulias y comit\u00e9s puede invisibilizar aspectos tan importantes como la prestaci\u00f3n de cuidados. Porque los cuidados, si bien intangibles, contribuyen al bienestar y mejor\u00eda de las personas tanto o m\u00e1s que las acciones meramente t\u00e9cnicas dirigidas al plano f\u00edsico.<\/p>\n\n\n\n<h2 class=\"wp-block-heading\">Enfermeras detr\u00e1s de un EPI<\/h2>\n\n\n\n<p>De entre los profesionales sanitarios, el equipo de enfermer\u00eda es el que asume la mayor carga y contacto asistencial con los pacientes. Pero la imagen social de las enfermeras a lo largo de 2020 se ha reducido a una figura con buzo blanco. El equipo de protecci\u00f3n individual (EPI) ha sido un requerimiento indispensable (escaso, en ocasiones) en la asistencia cl\u00ednica a pacientes. Aunque el d\u00e9ficit de medios no ha sido impedimento para asumir el compromiso de curar, cuando se ha podido, o de cuidar, siempre.<\/p>\n\n\n\n<p>Tal vez estas haza\u00f1as son las que han propiciado el caldo de cultivo que ha hecho llegar a comparar a los sanitarios con superh\u00e9roes, una aproximaci\u00f3n poco acertada que obvia que tras un EPI existe una persona que comparte los mismos miedos que cualquier ciudadano.<\/p>\n\n\n\n<p>Miedo a contagiarse o a contagiar a sus seres queridos. Miedo a no estar a la altura de las necesidades de su comunidad. Miedo a agotarse y no poder rendir cuando m\u00e1s se espera de ella. Los EPI han aislado a las enfermeras del virus, pero tambi\u00e9n a la sociedad de sus l\u00e1grimas (y a los pacientes de sus sonrisas).<\/p>\n\n\n\n<p>El Consejo Internacional de Enfermeras ha estimado que a lo largo del mundo\u00a0<a href=\"https:\/\/www.icn.ch\/es\/noticias\/el-cie-confirma-el-fallecimiento-de-1-500-enfermeras-por-covid-19-en-44-paises-y-estima\">han fallecido m\u00e1s de 1.500 enfermeras<\/a>\u00a0por covid-19. La pandemia se ha cobrado m\u00e1s vidas de enfermeras que la Primera Guerra Mundial.<\/p>\n\n\n\n<p><strong>Enfermeras detr\u00e1s del tel\u00e9fono<\/strong><\/p>\n\n\n\n<p>El desarrollo de nuevos roles profesionales ha sido uno de los efectos positivos de la pandemia. Las enfermeras comunitarias son las responsables de la gesti\u00f3n de casos de covid-19 (popularmente denominadas \u201crastreadoras\u201d), como una extensi\u00f3n de la gesti\u00f3n de pacientes cr\u00f3nicos que ya ven\u00edan desarrollando.<\/p>\n\n\n\n<p>La labor de esta figura est\u00e1 siendo determinante en la evoluci\u00f3n de la pandemia. Enfermeras an\u00f3nimas que a trav\u00e9s de un tel\u00e9fono realizan una tarea a contrarreloj de identificaci\u00f3n y seguimiento proactivo de personas infectadas y sus contactos. De la eficiencia de la coordinaci\u00f3n multidisciplinar de este proceso se puede derivar el control de los brotes en la comunidad.<\/p>\n\n\n\n<h2 class=\"wp-block-heading\">Enfermeras detr\u00e1s de la consulta <\/h2>\n\n\n\n<p>Los Centros de Salud tambi\u00e9n han sufrido una profunda transformaci\u00f3n durante la pandemia. Sin menoscabo de continuar con su actividad habitual, las enfermeras comunitarias se hacen cargo del seguimiento y control (telef\u00f3nico o presencial) de las personas infectadas. Una tarea silenciosa pero clave en la vigilancia, asesoramiento y acompa\u00f1amiento asistencial de pacientes. Su papel repercute directamente sobre las personas m\u00e1s vulnerables (confinadas o que viven solas), y tambi\u00e9n en la contenci\u00f3n del contagio en la comunidad.<\/p>\n\n\n\n<p>Pero a las enfermeras de atenci\u00f3n primaria a\u00fan les queda por delante su m\u00e1s importante reto: la gesti\u00f3n de la futura campa\u00f1a de vacunaci\u00f3n contra el covid-19. Nunca antes en la historia de Espa\u00f1a se hab\u00eda planteado inmunizar a 100% de su poblaci\u00f3n en menos de un a\u00f1o.<\/p>\n\n\n\n<h2 class=\"wp-block-heading\">Enfermeras detr\u00e1s de una mesa de despacho<\/h2>\n\n\n\n<p><\/p>\n\n\n\n<p>Las labores de gesti\u00f3n de recursos, docencia e investigaci\u00f3n en tiempos de covid-19 no desmerece en importancia a la vertiente asistencial, si bien resulta la menos conocida de todas.<\/p>\n\n\n\n<p>Desde la mesa de un despacho, enfermeras gestoras se enfrentan a la selecci\u00f3n de profesionales y provisi\u00f3n de materiales con que dotar los nuevos espacios habilitados con car\u00e1cter de urgencia para dar respuesta a las necesidades inmediatas.<\/p>\n\n\n\n<p>En paralelo, enfermeras docentes e investigadoras trabajan conjuntamente para desarrollar planes de formaci\u00f3n espec\u00edficos con los que habilitar a profesionales de otras \u00e1reas que puedan reforzar o cubrir unidades de cr\u00edticos. Porque una cama de cuidados intensivos o un respirador no sirven para mucho si no hay una enfermera que los atienda.<\/p>\n\n\n\n<p>Asistencial, gestora, docente o investigadora: esas son las competencias de las enfermeras del siglo XXI. Si son una pieza imprescindible detr\u00e1s de la resoluci\u00f3n de esta pandemia, \u00bfpor qu\u00e9 no lo son tambi\u00e9n detr\u00e1s de los micr\u00f3fonos de los medios de comunicaci\u00f3n?<\/p>\n\n\n\n<p><a href=\"https:\/\/theconversation.com\/profiles\/sendoa-ballesteros-pena-1053635\">Sendoa Ballesteros Pe\u00f1a<\/a>, Enfermero en Osakidetza- Servicio vasco de salud. Profesor asociado a la Facultad de Medicina y Enfermer\u00eda,&nbsp;<em><a href=\"https:\/\/theconversation.com\/institutions\/universidad-del-pais-vasco-euskal-herriko-unibertsitatea-3422\">Universidad del Pa\u00eds Vasco \/ Euskal Herriko Unibertsitatea<\/a><\/em><\/p>\n\n\n\n<p>Este art\u00edculo fue publicado originalmente en\u00a0<a href=\"https:\/\/theconversation.com\/\">The Conversation<\/a>. Lea el\u00a0<a href=\"https:\/\/theconversation.com\/los-cuidados-invisibles-las-enfermeras-detras-de-la-covid-19-151333\">original<\/a>.<\/p>\n\n\n\n<p><strong>El Nacional<\/strong><\/p>\n","protected":false},"excerpt":{"rendered":"<p>Este a\u00f1o se conmemora el 200 aniversario del nacimiento de&nbsp;Florence Nightingale, precursora de la enfermer\u00eda moderna. En sinton\u00eda con la efem\u00e9ride, la Organizaci\u00f3n Mundial de la Salud ha designado 2020 como&nbsp;A\u00f1o Internacional de la Enfermera y de la Matrona. En la misma l\u00ednea, una multitud de agencias de salud se ha adherido a la&nbsp;campa\u00f1a Nursing [&hellip;]<\/p>\n","protected":false},"author":2,"featured_media":184604,"comment_status":"closed","ping_status":"closed","sticky":false,"template":"","format":"standard","meta":{"footnotes":""},"categories":[19],"tags":[],"class_list":{"0":"post-184603","1":"post","2":"type-post","3":"status-publish","4":"format-standard","5":"has-post-thumbnail","7":"category-salud"},"_links":{"self":[{"href":"https:\/\/elluchador.info\/index.php?rest_route=\/wp\/v2\/posts\/184603","targetHints":{"allow":["GET"]}}],"collection":[{"href":"https:\/\/elluchador.info\/index.php?rest_route=\/wp\/v2\/posts"}],"about":[{"href":"https:\/\/elluchador.info\/index.php?rest_route=\/wp\/v2\/types\/post"}],"author":[{"embeddable":true,"href":"https:\/\/elluchador.info\/index.php?rest_route=\/wp\/v2\/users\/2"}],"replies":[{"embeddable":true,"href":"https:\/\/elluchador.info\/index.php?rest_route=%2Fwp%2Fv2%2Fcomments&post=184603"}],"version-history":[{"count":1,"href":"https:\/\/elluchador.info\/index.php?rest_route=\/wp\/v2\/posts\/184603\/revisions"}],"predecessor-version":[{"id":184605,"href":"https:\/\/elluchador.info\/index.php?rest_route=\/wp\/v2\/posts\/184603\/revisions\/184605"}],"wp:featuredmedia":[{"embeddable":true,"href":"https:\/\/elluchador.info\/index.php?rest_route=\/wp\/v2\/media\/184604"}],"wp:attachment":[{"href":"https:\/\/elluchador.info\/index.php?rest_route=%2Fwp%2Fv2%2Fmedia&parent=184603"}],"wp:term":[{"taxonomy":"category","embeddable":true,"href":"https:\/\/elluchador.info\/index.php?rest_route=%2Fwp%2Fv2%2Fcategories&post=184603"},{"taxonomy":"post_tag","embeddable":true,"href":"https:\/\/elluchador.info\/index.php?rest_route=%2Fwp%2Fv2%2Ftags&post=184603"}],"curies":[{"name":"wp","href":"https:\/\/api.w.org\/{rel}","templated":true}]}}