{"id":184613,"date":"2020-12-04T11:25:19","date_gmt":"2020-12-04T15:25:19","guid":{"rendered":"https:\/\/elluchador.info\/web\/?p=184613"},"modified":"2020-12-04T11:03:18","modified_gmt":"2020-12-04T15:03:18","slug":"claudio-bravo-seguira-de-baja-otras-dos-semanas","status":"publish","type":"post","link":"https:\/\/elluchador.info\/?p=184613","title":{"rendered":"Claudio Bravo seguir\u00e1 de baja \u00abotras dos semanas\u00bb"},"content":{"rendered":"\n<p>El chileno Manuel Pellegrini, entrenador del Betis, manifesto este viernes en rueda de prensa que su compatriota, el portero Claudio Bravo, \u00abseguir\u00e1 de baja otras dos semanas m\u00e1s\u00bb a resultas de la lesi\u00f3n muscular que produjo el 23 de noviembre en el partido contra el Athletic en Bilbao.<\/p>\n\n\n\n<p>Pellegrini confirm\u00f3 la baja de Bravo para el encuentro del domingo en el campo de Osasuna, donde \u00abtampoco estar\u00e1 -el central argelino A\u00efsa- Mandi\u00bb, que a\u00fan no ha dado negativo en la PCR y que, por tanto, tardar\u00e1 \u00abun tiempo a\u00fan en recuperarse\u00bb, al contrario que el delantero Juanmi Jim\u00e9nez, quien \u00abpodr\u00eda estar en la lista\u00bb.<\/p>\n\n\n\n<p>El preparador santiaguino defini\u00f3 al conjunto navarro como \u00abun rival que practica f\u00fatbol muy directo, de muchos centros\u00bb y advirti\u00f3 que \u00aben su casa es muy fuerte\u00bb, pero insisti\u00f3 en que&nbsp;<strong>\u00abla mejor\u00eda llegar\u00e1 por el Betis\u00bb a pesar de que estudia \u00abtodas las variantes ante las caracter\u00edsticas de los distintos equipos de la Liga\u00bb.<\/strong><\/p>\n\n\n\n<p>Pellegrini cont\u00f3 entre sus obligaciones el \u00abaceptar las cr\u00edticas de que el equipo tiene que mejorar\u00bb y dijo ser consciente, \u00abdespu\u00e9s de muchos a\u00f1os de carrera, de que el entrenador depende de los resultados\u00bb, aunque asegur\u00f3 no albergar \u00abning\u00fan temor\u00bb ya que no est\u00e1 \u00aben el Betis por dinero ni por fama\u00bb.<\/p>\n\n\n\n<blockquote class=\"wp-block-quote is-layout-flow wp-block-quote-is-layout-flow\"><p>\u00abEs una situaci\u00f3n que pasa en todos los clubes de f\u00fatbol y me ha tocado vivir muchas veces. De un d\u00eda a otro los resultados cambian, hay que tener la calma y tranquilidad para analizar los motivos y buscar soluciones. Los diagn\u00f3sticos son m\u00e1s f\u00e1ciles que las soluciones\u00bb, a\u00f1adi\u00f3 el preparador andino.<\/p><\/blockquote>\n\n\n\n<p>Manuel Pellegrini reiter\u00f3 su \u00abconfianza en este equipo, que ha hecho buenos partidos a excepci\u00f3n de los dos \u00faltimos\u00bb.<\/p>\n\n\n\n<p>EFE<\/p>\n","protected":false},"excerpt":{"rendered":"<p>El chileno Manuel Pellegrini, entrenador del Betis, manifesto este viernes en rueda de prensa que su compatriota, el portero Claudio Bravo, \u00abseguir\u00e1 de baja otras dos semanas m\u00e1s\u00bb a resultas de la lesi\u00f3n muscular que produjo el 23 de noviembre en el partido contra el Athletic en Bilbao. Pellegrini confirm\u00f3 la baja de Bravo para [&hellip;]<\/p>\n","protected":false},"author":19,"featured_media":184618,"comment_status":"closed","ping_status":"closed","sticky":false,"template":"","format":"standard","meta":{"footnotes":""},"categories":[4],"tags":[],"class_list":{"0":"post-184613","1":"post","2":"type-post","3":"status-publish","4":"format-standard","5":"has-post-thumbnail","7":"category-deportes"},"_links":{"self":[{"href":"https:\/\/elluchador.info\/index.php?rest_route=\/wp\/v2\/posts\/184613","targetHints":{"allow":["GET"]}}],"collection":[{"href":"https:\/\/elluchador.info\/index.php?rest_route=\/wp\/v2\/posts"}],"about":[{"href":"https:\/\/elluchador.info\/index.php?rest_route=\/wp\/v2\/types\/post"}],"author":[{"embeddable":true,"href":"https:\/\/elluchador.info\/index.php?rest_route=\/wp\/v2\/users\/19"}],"replies":[{"embeddable":true,"href":"https:\/\/elluchador.info\/index.php?rest_route=%2Fwp%2Fv2%2Fcomments&post=184613"}],"version-history":[{"count":1,"href":"https:\/\/elluchador.info\/index.php?rest_route=\/wp\/v2\/posts\/184613\/revisions"}],"predecessor-version":[{"id":184620,"href":"https:\/\/elluchador.info\/index.php?rest_route=\/wp\/v2\/posts\/184613\/revisions\/184620"}],"wp:featuredmedia":[{"embeddable":true,"href":"https:\/\/elluchador.info\/index.php?rest_route=\/wp\/v2\/media\/184618"}],"wp:attachment":[{"href":"https:\/\/elluchador.info\/index.php?rest_route=%2Fwp%2Fv2%2Fmedia&parent=184613"}],"wp:term":[{"taxonomy":"category","embeddable":true,"href":"https:\/\/elluchador.info\/index.php?rest_route=%2Fwp%2Fv2%2Fcategories&post=184613"},{"taxonomy":"post_tag","embeddable":true,"href":"https:\/\/elluchador.info\/index.php?rest_route=%2Fwp%2Fv2%2Ftags&post=184613"}],"curies":[{"name":"wp","href":"https:\/\/api.w.org\/{rel}","templated":true}]}}