{"id":184632,"date":"2020-12-04T12:52:13","date_gmt":"2020-12-04T16:52:13","guid":{"rendered":"https:\/\/elluchador.info\/web\/?p=184632"},"modified":"2020-12-04T12:43:14","modified_gmt":"2020-12-04T16:43:14","slug":"colombia-afronta-la-muerte-de-javier-francisco-parra-cubillos-otro-ambientalista-asesinado","status":"publish","type":"post","link":"https:\/\/elluchador.info\/?p=184632","title":{"rendered":"Colombia afronta la muerte de Javier Francisco Parra Cubillos, otro ambientalista asesinado"},"content":{"rendered":"\n<p>\u00a9 Leonardo Muchoz \/ EFE&nbsp;Fotograf\u00eda de archivo fechada el 27 de septiembre de 2017 en la que se observa al ambientalista colombiano Javier Francisco Parra Cubillos (d) y el expresidente de Colombia Juan Manuel Santos (d) en Ca\u00f1o Cristales, en La Macarena, Colombia.<\/p>\n\n\n\n<p>Javier Francisco Parra Cubillos, defensor de la Sierra de La Macarena, situada en el coraz\u00f3n del pa\u00eds y cuna de m\u00faltiples ecosistemas, fue asesinado este jueves por dos sicarios. El territorio que defend\u00eda se encuentra amenazado por la tala de \u00e1rboles, los cultivos de coca y la ganader\u00eda.<\/p>\n\n\n\n<p>Este jueves 3 de noviembre un nuevo defensor del medio ambiente ha sido asesinado en Colombia. Se trata de Javier Francisco Parra Cubillos, quien dedic\u00f3 su vida a la protecci\u00f3n de la Sierra de la Macarena, \u00e1rea de rica biodiversidad situada en el centro-sur del pa\u00eds.&nbsp;<\/p>\n\n\n\n<p>Parra Cubillos trabajaba como coordinador regional de la Corporaci\u00f3n para el Desarrollo Sostenible del \u00c1rea de Manejo especial para la Macarena (Cormacarena). Muri\u00f3 tras ser abatido por dos sicarios, quienes lo atacaron cerca a las oficinas de Cormacarena. Su muerte fue confirmada por la Defensor\u00eda del Pueblo.&nbsp;<\/p>\n\n\n\n<p>Poco despu\u00e9s de conocida la noticia, el procurador general, Fernando Carrllo, rechaz\u00f3 los hechos: \u00abLa defensa del medioambiente y de la riqueza de bosques y selvas ha convertido a nuestros l\u00edderes ambientales en blanco de las mafias criminales. Condenamos el asesinato de Javier Parra, coordinador de Cormacarena, Meta. Sus asesinos deben ser judicializados\u00bb.<\/p>\n\n\n\n<p>Por su parte, el gobernador del Meta, la regi\u00f3n a la que pertenece la Sierra de la Macarena, Juan Guillermo Zuluaga, tambi\u00e9n se pronunci\u00f3 tras conocerse el asesinato del ambientalista y asegur\u00f3 que no permitir\u00e1&nbsp;que \u00ablos criminales que est\u00e1n devastando nuestro medioambiente\u00bb intimiden a los defensores de la naturaleza.<\/p>\n\n\n\n<p><strong>La Sierra de La Macarena, en la cuerda floja de los Acuerdos de Paz&nbsp;<\/strong><\/p>\n\n\n\n<p>La Sierra de la Macarena, donde se encuentra el r\u00edo de Ca\u00f1o Cristales, una de las maravillas naturales de Colombia, est\u00e1 situada dentro de un Parque Nacional Natural de una gran biodiversidad por ser un punto convergente de ecosistemas andinos, amaz\u00f3nicos y los pertenecientes a la regi\u00f3n de la Orinoqu\u00eda&nbsp;(centro).&nbsp;<\/p>\n\n\n\n<p>En 2017, el fallecido ambientalista acompa\u00f1\u00f3 al entonces presidente de Colombia Juan Manuel Santos a Ca\u00f1o Cristales, llamado tambi\u00e9n el &#8216;R\u00edo de los cinco colores&#8217;,&nbsp;en una visita en la que el exmandatario inst\u00f3 a los ciudadanos a preservar los ecosistemas de La Macarena.&nbsp;&nbsp;<\/p>\n\n\n\n<p>El Gobierno de Santos promovi\u00f3 los Acuerdos de Paz con la exguerrilla de las FARC, por los cuales el mandatario obtuvo el Premio Nobel de la Paz, ya que los pactos pretend\u00edan poner fin a un conflicto armado de m\u00e1s de cinco d\u00e9cadas que ha afectado directamente la vida de m\u00e1s de ocho millones de personas.&nbsp;<\/p>\n\n\n\n<p>No obstante, tras la entrega de armas realizada por el grupo insurgente, muchas \u00e1reas que eran dominadas por la antigua guerrilla quedaron en manos de diferentes grupos armados, incluidos miembros disidentes de las FARC que se apartaron del pacto de paz. Uno de esos sitios fue la Sierra de La Macarena. En ese lugar, el Estado acus\u00f3 a las disidencias&nbsp;de incendiar&nbsp;diferentes zonas para convertirlas en plantaciones de coca.&nbsp;<\/p>\n\n\n\n<p>Este jueves, la excongresista Piedad C\u00f3rdoba envi\u00f3 una carta a &#8216;Iv\u00e1n M\u00e1rquez&#8217; y &#8216;Jes\u00fas Santrich&#8217;, disidentes y firmantes de las negociaciones de paz, pregunt\u00e1ndoles qu\u00e9 se requer\u00eda para \u00abrecomponer el maltrecho Acuerdo de La Habana\u00bb. C\u00f3rdoba tambi\u00e9n dijo que le dol\u00eda verlos de nuevo portando armas.&nbsp;<\/p>\n\n\n\n<p>El pasado 24 de noviembre se cumplieron cuatro a\u00f1os desde la firma de los Acuerdos de Paz. A la fecha, son m\u00faltiples los actores que se\u00f1alan la extrema fragilidad del pacto y denuncian tanto una falta de compromiso estatal, como la ruptura total con el Acuerdo por varios de los cabecillas de la exguerrilla, quienes han retornado nuevamente a la lucha armada.<\/p>\n\n\n\n<p><strong>EFE<\/strong><\/p>\n","protected":false},"excerpt":{"rendered":"<p>\u00a9 Leonardo Muchoz \/ EFE&nbsp;Fotograf\u00eda de archivo fechada el 27 de septiembre de 2017 en la que se observa al ambientalista colombiano Javier Francisco Parra Cubillos (d) y el expresidente de Colombia Juan Manuel Santos (d) en Ca\u00f1o Cristales, en La Macarena, Colombia. Javier Francisco Parra Cubillos, defensor de la Sierra de La Macarena, situada [&hellip;]<\/p>\n","protected":false},"author":2,"featured_media":184636,"comment_status":"closed","ping_status":"closed","sticky":false,"template":"","format":"standard","meta":{"footnotes":""},"categories":[8],"tags":[],"class_list":{"0":"post-184632","1":"post","2":"type-post","3":"status-publish","4":"format-standard","5":"has-post-thumbnail","7":"category-internacionales"},"_links":{"self":[{"href":"https:\/\/elluchador.info\/index.php?rest_route=\/wp\/v2\/posts\/184632","targetHints":{"allow":["GET"]}}],"collection":[{"href":"https:\/\/elluchador.info\/index.php?rest_route=\/wp\/v2\/posts"}],"about":[{"href":"https:\/\/elluchador.info\/index.php?rest_route=\/wp\/v2\/types\/post"}],"author":[{"embeddable":true,"href":"https:\/\/elluchador.info\/index.php?rest_route=\/wp\/v2\/users\/2"}],"replies":[{"embeddable":true,"href":"https:\/\/elluchador.info\/index.php?rest_route=%2Fwp%2Fv2%2Fcomments&post=184632"}],"version-history":[{"count":2,"href":"https:\/\/elluchador.info\/index.php?rest_route=\/wp\/v2\/posts\/184632\/revisions"}],"predecessor-version":[{"id":184637,"href":"https:\/\/elluchador.info\/index.php?rest_route=\/wp\/v2\/posts\/184632\/revisions\/184637"}],"wp:featuredmedia":[{"embeddable":true,"href":"https:\/\/elluchador.info\/index.php?rest_route=\/wp\/v2\/media\/184636"}],"wp:attachment":[{"href":"https:\/\/elluchador.info\/index.php?rest_route=%2Fwp%2Fv2%2Fmedia&parent=184632"}],"wp:term":[{"taxonomy":"category","embeddable":true,"href":"https:\/\/elluchador.info\/index.php?rest_route=%2Fwp%2Fv2%2Fcategories&post=184632"},{"taxonomy":"post_tag","embeddable":true,"href":"https:\/\/elluchador.info\/index.php?rest_route=%2Fwp%2Fv2%2Ftags&post=184632"}],"curies":[{"name":"wp","href":"https:\/\/api.w.org\/{rel}","templated":true}]}}