{"id":184650,"date":"2020-12-04T18:40:12","date_gmt":"2020-12-04T22:40:12","guid":{"rendered":"https:\/\/elluchador.info\/web\/?p=184650"},"modified":"2020-12-04T18:17:13","modified_gmt":"2020-12-04T22:17:13","slug":"fedecamaras-bolivar-la-reactivacion-del-cobro-de-impuestos-en-caroni-diezmara-la-actividad-economica-formal","status":"publish","type":"post","link":"https:\/\/elluchador.info\/?p=184650","title":{"rendered":"Fedec\u00e1maras Bol\u00edvar: la reactivaci\u00f3n del cobro de impuestos en Caron\u00ed diezmar\u00e1 la actividad econ\u00f3mica formal"},"content":{"rendered":"\n<p><em>Fedec\u00e1maras Bol\u00edvar denunci\u00f3 que en el municipio Caron\u00ed no se ha escuchado al sector empresarial y esto tendr\u00e1 un gran impacto negativo en el bienestar de las empresas, y como consecuencia, la econom\u00eda regional.<\/em><\/p>\n\n\n\n<p>A trav\u00e9s de la sentencia N\u00b0 0161 del 20 de noviembre, el Tribunal Supremo de Justicia levant\u00f3, en 14 municipios del pa\u00eds, la suspensi\u00f3n de 90 d\u00edas decretada por medio de la sentencia <a>N\u00b0 <\/a>078, del 7 de julio de 2020. Con esta se suspend\u00eda temporalmente la aplicaci\u00f3n de instrumentos normativos, tanto estadales como municipales, que establecieran tasas o contribuciones de naturaleza tributaria, como respuesta al contexto de pandemia por covid-19.<\/p>\n\n\n\n<p><strong>Acuerdo de armonizaci\u00f3n tributaria<\/strong><\/p>\n\n\n\n<p>Junto a la decisi\u00f3n de suspender el cobro de tasas y contribuciones en los municipios del pa\u00eds, se orden\u00f3 la creaci\u00f3n de mesas t\u00e9cnicas de armonizaci\u00f3n tributaria en coordinaci\u00f3n con la vicepresidencia para el \u00e1rea econ\u00f3mica.<\/p>\n\n\n\n<p>La armonizaci\u00f3n tributaria planteada en la sentencia 078, se regul\u00f3 a trav\u00e9s de la sentencia N\u00b0 118 de agosto de 2020, y en esta se estableci\u00f3 que la suspensi\u00f3n se mantendr\u00eda hasta que los municipios se adecuasen al acuerdo de armonizaci\u00f3n tributaria y presentasen un informe con respecto a su aplicaci\u00f3n.<\/p>\n\n\n\n<p>Hasta la fecha, 14 municipios ya cumplieron esta medida de suspensi\u00f3n. Sin embargo, desde el sector empresarial se denunci\u00f3 que no se ha entendido el objetivo de la armonizaci\u00f3n.<\/p>\n\n\n\n<p>La petici\u00f3n del sector empresarial era sentarse a evaluar el impacto econ\u00f3mico que tendr\u00eda la imposici\u00f3n de al\u00edcuotas; no fue respondida y lo que vemos ahora es el resultado de una decisi\u00f3n unilateral.<\/p>\n\n\n\n<p>Camilo London, asesor de Fedec\u00e1maras Bol\u00edvar y director de la C\u00e1mara de Comercio de Caron\u00ed, explic\u00f3 que las solicitudes establecidas desde Fedec\u00e1maras Bol\u00edvar y la C\u00e1mara de Comercio de Caron\u00ed no fueron tomadas en cuenta y la \u00fanica modificaci\u00f3n que se hizo fue extender el plazo de pago, de 7 d\u00edas a 15 d\u00edas, por un asunto de log\u00edstica.<\/p>\n\n\n\n<p>\u201cSi ten\u00eda que declarar el 7, y el 14 lo hac\u00eda mi agente de retenci\u00f3n; no aparec\u00eda en sistema\u201d, coment\u00f3.<\/p>\n\n\n\n<p>Adem\u00e1s, destac\u00f3 que hubo una modificaci\u00f3n de las al\u00edcuotas: \u201calgunas fueron disminuidas y otras aumentadas; pero siempre quedamos en los l\u00edmites\u201d. London apunta que el aumento de los impuestos se enfoca en el sector comercial, algo que perjudica a la formalidad, y como consecuencia, promueve la informalidad.<\/p>\n\n\n\n<p>Con respecto a estas decisiones, consider\u00f3 lamentable que no se haya atendido o entendido la situaci\u00f3n en la que est\u00e1n operando muchas empresas en el municipio; seg\u00fan indic\u00f3, las empresas requer\u00edan de un alivio tributario contrario al que se hab\u00eda aplicado y formalizado con esta reforma.<\/p>\n\n\n\n<p><strong>Acciones por parte del sector empresarial<\/strong><\/p>\n\n\n\n<p>El asesor de Fedec\u00e1maras Bol\u00edvar manifest\u00f3 que desde el sector empresarial se elevar\u00e1 el reclamo ante el TSJ, el \u00f3rgano que aprob\u00f3 y dio el aval a esta ordenanza que lamentablemente tiene muchos vicios.<\/p>\n\n\n\n<p>\u201cEsto va a mermar o diezmar la actividad econ\u00f3mica formal, especialmente de las nuevas empresas y emprendedores; es una ordenanza que afecta en mayor grado a las empresas m\u00e1s peque\u00f1as y emprendimientos. El que comienza una actividad econ\u00f3mica, lejos de formalizarse, pensar\u00e1 en mantenerse en la informalidad\u201d, se\u00f1al\u00f3.<\/p>\n\n\n\n<p>Para London, la informalidad no le conviene a nadie; no le conviene a la municipalidad, al pa\u00eds, y al sistema formal de empresas, y ante esto, el rol del gremio es seguir insistiendo en la necesidad de racionalizar la carga tributaria que se le est\u00e1 imponiendo a las empresas.<\/p>\n\n\n\n<p>\u201cPareciera que se sigue trabajando para sacar el m\u00e1ximo provecho de las empresas para el mantenimiento de la alcald\u00eda, y no hay una distribuci\u00f3n equitativa\u201d, precis\u00f3.<\/p>\n\n\n\n<p><strong>La sentencia y la descentralizaci\u00f3n<\/strong><\/p>\n\n\n\n<p>Para Al\u00ed Daniels, director de la Organizaci\u00f3n No Gubernamental Acceso a la Justicia, de esta sentencia tambi\u00e9n se destaca que, al final, el proyecto constitucional ha sido dejado de lado.<\/p>\n\n\n\n<p>\u201cLa constituci\u00f3n tiene un proyecto, y el gobierno tiene otro, con respecto a la descentralizaci\u00f3n\u201d, puntualiz\u00f3.<\/p>\n\n\n\n<p>Seg\u00fan Daniels, el constituyente pretendi\u00f3 un proyecto sin darle herramientas a las instituciones para hacerlo, cuando el ideal es un Estado descentralizado. Con esto cre\u00f3 un proyecto caudillezco que pretende centralizar el poder, determinando cu\u00e1ndo pueden o no realizar el cobro de impuestos.<\/p>\n\n\n\n<p>\u201cLa constituci\u00f3n le da estas competencias al municipio; la sentencia no dice por qu\u00e9 otro \u00f3rgano tiene que decirle o darle el poder al municipio. Constitucionalmente el municipio ya tiene el poder de hacerlo. En vez de educar a los funcionarios, les impone lo que debe hacer\u201d, explic\u00f3.<\/p>\n\n\n\n<p>Desde una perspectiva municipal, para el director de Acceso a la Justicia, los municipios no tienen cultura institucional, y cada alcalde al llegar a una alcald\u00eda, se siente con todo el poder de hacer y deshacer todo a su manera y se carece de una institucionalidad. Como consecuencias, ha habido excesos.<\/p>\n\n\n\n<p>\u201cHay municipios donde la multa es varias veces lo que cualquier empresa puede generar anualmente; es para meterle miedo al empresario, si no quieres que te multe, paga lo que te pido\u201d, a\u00f1adi\u00f3.<\/p>\n\n\n\n<p>Ante esto, Daniels propuso como alternativa reunir a los alcaldes, capacitarlos, explicarles los resultados de promover la institucionalidad en las alcald\u00edas sin importar qui\u00e9n est\u00e9 a la cabeza.<\/p>\n\n\n\n<p>Finalmente, subray\u00f3 que el enfoque de los impuestos sobre el sector comercial puede deberse a una cuesti\u00f3n de facilidad, al compararlo con impuestos a los autom\u00f3viles o al sector inmobiliario.<\/p>\n\n\n\n<p>\u201cEs m\u00e1s f\u00e1cil controlar a los establecimientos, y recaudar all\u00ed, que tener una alcabala para poder regular el control del pago de los trimestres de los veh\u00edculos. Si yo aumento eso debo tener mecanismos para regularlo o exigir el pago. En cambio, para los comerciantes de diferente porque no puedo mudarme de un d\u00eda para otro, el local es fijo, debo cumplir y no evadir. Es m\u00e1s f\u00e1cil cobrar a los empresarios\u201d, indic\u00f3.<\/p>\n\n\n\n<p>Con respecto al sector inmobiliario, destac\u00f3 todas las regulaciones existentes para evitar que saquen de su casa a las personas y c\u00f3mo esto afecta la recaudaci\u00f3n oportuna de los impuestos en esta \u00e1rea.<\/p>\n\n\n\n<p>Como consecuencia, el sector comercial es el principal objetivo de las cargas impositivas, y no se considera el hecho de que \u201ces mejor cobrar menos y seguir cobrando, a cobrar mucho y que las empresas cierren. Hace falta educaci\u00f3n; hace falta que los alcaldes manejen el municipio como gerentes\u201d, finaliz\u00f3. <strong>Fedec\u00e1maras Bol\u00edvar<\/strong><\/p>\n","protected":false},"excerpt":{"rendered":"<p>Fedec\u00e1maras Bol\u00edvar denunci\u00f3 que en el municipio Caron\u00ed no se ha escuchado al sector empresarial y esto tendr\u00e1 un gran impacto negativo en el bienestar de las empresas, y como consecuencia, la econom\u00eda regional. A trav\u00e9s de la sentencia N\u00b0 0161 del 20 de noviembre, el Tribunal Supremo de Justicia levant\u00f3, en 14 municipios del [&hellip;]<\/p>\n","protected":false},"author":2,"featured_media":184651,"comment_status":"closed","ping_status":"closed","sticky":false,"template":"","format":"standard","meta":{"footnotes":""},"categories":[5,6,12],"tags":[],"class_list":{"0":"post-184650","1":"post","2":"type-post","3":"status-publish","4":"format-standard","5":"has-post-thumbnail","7":"category-destacado","8":"category-economia","9":"category-regionales"},"_links":{"self":[{"href":"https:\/\/elluchador.info\/index.php?rest_route=\/wp\/v2\/posts\/184650","targetHints":{"allow":["GET"]}}],"collection":[{"href":"https:\/\/elluchador.info\/index.php?rest_route=\/wp\/v2\/posts"}],"about":[{"href":"https:\/\/elluchador.info\/index.php?rest_route=\/wp\/v2\/types\/post"}],"author":[{"embeddable":true,"href":"https:\/\/elluchador.info\/index.php?rest_route=\/wp\/v2\/users\/2"}],"replies":[{"embeddable":true,"href":"https:\/\/elluchador.info\/index.php?rest_route=%2Fwp%2Fv2%2Fcomments&post=184650"}],"version-history":[{"count":1,"href":"https:\/\/elluchador.info\/index.php?rest_route=\/wp\/v2\/posts\/184650\/revisions"}],"predecessor-version":[{"id":184652,"href":"https:\/\/elluchador.info\/index.php?rest_route=\/wp\/v2\/posts\/184650\/revisions\/184652"}],"wp:featuredmedia":[{"embeddable":true,"href":"https:\/\/elluchador.info\/index.php?rest_route=\/wp\/v2\/media\/184651"}],"wp:attachment":[{"href":"https:\/\/elluchador.info\/index.php?rest_route=%2Fwp%2Fv2%2Fmedia&parent=184650"}],"wp:term":[{"taxonomy":"category","embeddable":true,"href":"https:\/\/elluchador.info\/index.php?rest_route=%2Fwp%2Fv2%2Fcategories&post=184650"},{"taxonomy":"post_tag","embeddable":true,"href":"https:\/\/elluchador.info\/index.php?rest_route=%2Fwp%2Fv2%2Ftags&post=184650"}],"curies":[{"name":"wp","href":"https:\/\/api.w.org\/{rel}","templated":true}]}}