{"id":185283,"date":"2020-12-10T09:17:20","date_gmt":"2020-12-10T13:17:20","guid":{"rendered":"https:\/\/elluchador.info\/web\/?p=185283"},"modified":"2020-12-10T09:07:53","modified_gmt":"2020-12-10T13:07:53","slug":"guaido-rechazo-la-oferta-de-dialogo-de-maduro-y-pidio-reconocimiento-a-la-ue","status":"publish","type":"post","link":"https:\/\/elluchador.info\/?p=185283","title":{"rendered":"Guaid\u00f3 rechaz\u00f3 la oferta de di\u00e1logo de Maduro y pidi\u00f3 reconocimiento a la UE"},"content":{"rendered":"\n<p><em><strong>El presidente interino dijo que cuenta con el apoyo del tambi\u00e9n l\u00edder opositor Herique Capriles y asegur\u00f3 que la unidad es un trabajo constante<\/strong><\/em><\/p>\n\n\n\n<p><strong>Juan Guaid\u00f3<\/strong>,&nbsp;<a rel=\"noreferrer noopener\" href=\"https:\/\/twitter.com\/jguaido\" target=\"_blank\">presidente interino<\/a>&nbsp;de la Rep\u00fablica,&nbsp;<strong>rechaz\u00f3 el martes la oferta de di\u00e1logo de Nicol\u00e1s Maduro<\/strong>. Tambi\u00e9n pidi\u00f3 a la Uni\u00f3n Europea y a la comunidad internacional que sigan reconociendo la actual Asamblea Nacional, que \u00e9l preside, aunque su mandato acabe el 5 de enero.<\/p>\n\n\n\n<p>\u201cMaduro cl\u00e1sicamente ha hablado siete a\u00f1os de di\u00e1logo, tanto que lamentablemente ha deteriorado su concepto en Venezuela\u201d, dijo Guaid\u00f3 en una rueda de prensa virtual, tras mantener una reuni\u00f3n con eurodiputados del grupo Renew en el Parlamento Europeo.<\/p>\n\n\n\n<p>El l\u00edder opositor se reuni\u00f3 con el eurodiputado espa\u00f1ol de Ciudadanos, Jordi Ca\u00f1as, vicepresidente de la Asamblea Parlamentaria Euro-Latinoamericana, y con la vicepresidenta del Parlamento Europeo, Dita Charanzov\u00e1.<\/p>\n\n\n\n<p>\u201cMaduro hace uso de estos recursos, lamentablemente para ganar tiempo y no orientar soluciones\u201d, dijo Guaid\u00f3 sobre la oferta de Maduro.<\/p>\n\n\n\n<p>El cuanto al rol de la nueva Asamblea Nacional,&nbsp;<strong>Guaid\u00f3 pidi\u00f3 a la UE que no se limite a rechazar los comicios y contin\u00fae reconociendo el Parlamento actual como el leg\u00edtimo.<\/strong><\/p>\n\n\n\n<p>\u201cS\u00f3lo el rechazo al fraude ser\u00eda insuficiente\u201d, dijo Guaid\u00f3, que a\u00f1adi\u00f3 que \u201chay que fortalecer la interlocuci\u00f3n del parlamento nacional, de la representaci\u00f3n leg\u00edtima de la Constituci\u00f3n venezolana y por eso, el reconocimiento a la extensi\u00f3n constitucional\u201d.<\/p>\n\n\n\n<p><strong>El principio de extensi\u00f3n constitucional es lo que pretende usar Guaid\u00f3 para mantener sus funciones como presidente encargado, cuando concluya su mandato actual.<\/strong><\/p>\n\n\n\n<p>La UE rechaz\u00f3 el lunes el resultado de las elecciones legislativas en Venezuela, por considerar que no cumplieron los m\u00ednimos est\u00e1ndares internacionales. No obstante, en el texto se evit\u00f3 mencionar su apoyo expl\u00edcito a Guaid\u00f3.<\/p>\n\n\n\n<p>\u201cEl 5 de enero estar\u00e9 en Caracas -a pesar de los riesgos, de las amenazas nuevas de parte de la dictadura-, ejerciendo funciones para restablecer el estado de derecho y la democracia en Venezuela\u201d, dijo Guaid\u00f3.<\/p>\n\n\n\n<p>Guaid\u00f3 pidi\u00f3 de nuevo la celebraci\u00f3n de elecciones libres en Venezuela.<\/p>\n\n\n\n<p>Ante las voces discrepantes de miembros de la oposici\u00f3n sobre la estrategia que pretende llevar a cabo,&nbsp;<strong>dijo que el tambi\u00e9n l\u00edder opositor Herique Capriles respalda 100% sus palabras y que la unidad es un trabajo constante.<\/strong><\/p>\n\n\n\n<p><strong>El Nacional<\/strong><\/p>\n","protected":false},"excerpt":{"rendered":"<p>El presidente interino dijo que cuenta con el apoyo del tambi\u00e9n l\u00edder opositor Herique Capriles y asegur\u00f3 que la unidad es un trabajo constante Juan Guaid\u00f3,&nbsp;presidente interino&nbsp;de la Rep\u00fablica,&nbsp;rechaz\u00f3 el martes la oferta de di\u00e1logo de Nicol\u00e1s Maduro. Tambi\u00e9n pidi\u00f3 a la Uni\u00f3n Europea y a la comunidad internacional que sigan reconociendo la actual Asamblea [&hellip;]<\/p>\n","protected":false},"author":2,"featured_media":176731,"comment_status":"closed","ping_status":"closed","sticky":false,"template":"","format":"standard","meta":{"footnotes":""},"categories":[11],"tags":[],"class_list":{"0":"post-185283","1":"post","2":"type-post","3":"status-publish","4":"format-standard","5":"has-post-thumbnail","7":"category-politica"},"_links":{"self":[{"href":"https:\/\/elluchador.info\/index.php?rest_route=\/wp\/v2\/posts\/185283","targetHints":{"allow":["GET"]}}],"collection":[{"href":"https:\/\/elluchador.info\/index.php?rest_route=\/wp\/v2\/posts"}],"about":[{"href":"https:\/\/elluchador.info\/index.php?rest_route=\/wp\/v2\/types\/post"}],"author":[{"embeddable":true,"href":"https:\/\/elluchador.info\/index.php?rest_route=\/wp\/v2\/users\/2"}],"replies":[{"embeddable":true,"href":"https:\/\/elluchador.info\/index.php?rest_route=%2Fwp%2Fv2%2Fcomments&post=185283"}],"version-history":[{"count":2,"href":"https:\/\/elluchador.info\/index.php?rest_route=\/wp\/v2\/posts\/185283\/revisions"}],"predecessor-version":[{"id":185285,"href":"https:\/\/elluchador.info\/index.php?rest_route=\/wp\/v2\/posts\/185283\/revisions\/185285"}],"wp:featuredmedia":[{"embeddable":true,"href":"https:\/\/elluchador.info\/index.php?rest_route=\/wp\/v2\/media\/176731"}],"wp:attachment":[{"href":"https:\/\/elluchador.info\/index.php?rest_route=%2Fwp%2Fv2%2Fmedia&parent=185283"}],"wp:term":[{"taxonomy":"category","embeddable":true,"href":"https:\/\/elluchador.info\/index.php?rest_route=%2Fwp%2Fv2%2Fcategories&post=185283"},{"taxonomy":"post_tag","embeddable":true,"href":"https:\/\/elluchador.info\/index.php?rest_route=%2Fwp%2Fv2%2Ftags&post=185283"}],"curies":[{"name":"wp","href":"https:\/\/api.w.org\/{rel}","templated":true}]}}