{"id":185360,"date":"2020-12-10T13:10:28","date_gmt":"2020-12-10T17:10:28","guid":{"rendered":"https:\/\/elluchador.info\/web\/?p=185360"},"modified":"2020-12-10T13:08:55","modified_gmt":"2020-12-10T17:08:55","slug":"duque-dice-que-no-descansara-hasta-ver-libertad-real-en-venezuela","status":"publish","type":"post","link":"https:\/\/elluchador.info\/?p=185360","title":{"rendered":"Duque dice que no descansar\u00e1 \u201chasta ver libertad real en Venezuela\u201d"},"content":{"rendered":"\n<p>El presidente colombiano, Iv\u00e1n Duque, afirm\u00f3 que los pa\u00edses que no reconocen el Gobierno de Nicol\u00e1s Maduro no descansar\u00e1n hasta ver a Venezuela en \u201clibertad\u201d, en un acto en el que estuvo presente el l\u00edder opositor Leopoldo L\u00f3pez.<\/p>\n\n\n\n<p>Al celebrar el D\u00eda Internacional de los Derechos Humanos, Duque se refiri\u00f3 ampliamente a la crisis de Venezuela y a las elecciones legislativas del pasado domingo 6-D, no reconocidas por buena parte de la comunidad internacional.<\/p>\n\n\n\n<p>\u201cHemos visto la fuerza de la resistencia democr\u00e1tica y que cuando la dictadura se sent\u00eda m\u00e1s solida y fuerte mostramos que somos m\u00e1s de 54 naciones las que desconocemos ese r\u00e9gimen y las mismas que hoy desconocemos los resultados de esa burla que pretendi\u00f3 hacerse el fin de semana pasado y que no descansaremos hasta ver libertad real en Venezuela\u201d, manifest\u00f3 Duque.<\/p>\n\n\n\n<p><strong> Panorama.com<\/strong><\/p>\n","protected":false},"excerpt":{"rendered":"<p>El presidente colombiano, Iv\u00e1n Duque, afirm\u00f3 que los pa\u00edses que no reconocen el Gobierno de Nicol\u00e1s Maduro no descansar\u00e1n hasta ver a Venezuela en \u201clibertad\u201d, en un acto en el que estuvo presente el l\u00edder opositor Leopoldo L\u00f3pez. Al celebrar el D\u00eda Internacional de los Derechos Humanos, Duque se refiri\u00f3 ampliamente a la crisis de [&hellip;]<\/p>\n","protected":false},"author":2,"featured_media":185361,"comment_status":"closed","ping_status":"closed","sticky":false,"template":"","format":"standard","meta":{"footnotes":""},"categories":[5,9,11],"tags":[],"class_list":{"0":"post-185360","1":"post","2":"type-post","3":"status-publish","4":"format-standard","5":"has-post-thumbnail","7":"category-destacado","8":"category-nacionales","9":"category-politica"},"_links":{"self":[{"href":"https:\/\/elluchador.info\/index.php?rest_route=\/wp\/v2\/posts\/185360","targetHints":{"allow":["GET"]}}],"collection":[{"href":"https:\/\/elluchador.info\/index.php?rest_route=\/wp\/v2\/posts"}],"about":[{"href":"https:\/\/elluchador.info\/index.php?rest_route=\/wp\/v2\/types\/post"}],"author":[{"embeddable":true,"href":"https:\/\/elluchador.info\/index.php?rest_route=\/wp\/v2\/users\/2"}],"replies":[{"embeddable":true,"href":"https:\/\/elluchador.info\/index.php?rest_route=%2Fwp%2Fv2%2Fcomments&post=185360"}],"version-history":[{"count":1,"href":"https:\/\/elluchador.info\/index.php?rest_route=\/wp\/v2\/posts\/185360\/revisions"}],"predecessor-version":[{"id":185362,"href":"https:\/\/elluchador.info\/index.php?rest_route=\/wp\/v2\/posts\/185360\/revisions\/185362"}],"wp:featuredmedia":[{"embeddable":true,"href":"https:\/\/elluchador.info\/index.php?rest_route=\/wp\/v2\/media\/185361"}],"wp:attachment":[{"href":"https:\/\/elluchador.info\/index.php?rest_route=%2Fwp%2Fv2%2Fmedia&parent=185360"}],"wp:term":[{"taxonomy":"category","embeddable":true,"href":"https:\/\/elluchador.info\/index.php?rest_route=%2Fwp%2Fv2%2Fcategories&post=185360"},{"taxonomy":"post_tag","embeddable":true,"href":"https:\/\/elluchador.info\/index.php?rest_route=%2Fwp%2Fv2%2Ftags&post=185360"}],"curies":[{"name":"wp","href":"https:\/\/api.w.org\/{rel}","templated":true}]}}