{"id":185368,"date":"2020-12-10T16:37:43","date_gmt":"2020-12-10T20:37:43","guid":{"rendered":"https:\/\/elluchador.info\/web\/?p=185368"},"modified":"2020-12-10T16:31:44","modified_gmt":"2020-12-10T20:31:44","slug":"hoy-inicia-el-congreso-pedagogico-virtual-circuital","status":"publish","type":"post","link":"https:\/\/elluchador.info\/?p=185368","title":{"rendered":"Hoy inicia el Congreso pedag\u00f3gico virtual circuital"},"content":{"rendered":"\n<p>Mauro Su\u00e1rez, autoridad \u00fanica de Educaci\u00f3n en el estado Bol\u00edvar anunci\u00f3 el cierre del primer momento pedag\u00f3gico del a\u00f1o escolar 2020-2021, adem\u00e1s de informar la importante agenda para culminar este primer tiempo pedag\u00f3gico de este a\u00f1o escolar, los d\u00edas 11 y 12 de diciembre se realizar\u00e1 el congreso pedag\u00f3gico virtual circuital, mientras que los d\u00edas 9 y 10 se disfrut\u00f3 del Congreso de Ciencia y falta la Feria Navide\u00f1a.<\/p>\n\n\n\n<p>\u201cEstamos finalizando el primer momento pedag\u00f3gico del a\u00f1o escolar 2020-2021, desde el Ministerio de Educaci\u00f3n, Zona Educativa y Secretar\u00eda de Educaci\u00f3n del estado, hemos venido organizando una serie de actividades inherentes a lo que tiene que ver con la programaci\u00f3n para finalizar del a\u00f1o, no solamente el a\u00f1o fiscal 2020, sino el primer momento pedag\u00f3gico 2020-2021\u201d, dijo Suarez.<\/p>\n\n\n\n<p>En este sentido, la autoridad de Educaci\u00f3n, &nbsp;mencion\u00f3 que se han de realizar una serie de actividades para darle fortaleza a todo lo que ha venido haciendo esta experiencia en pandemia, en materia de educaci\u00f3n, partiendo desde el perfeccionamiento &nbsp;del plan \u201cCada Familia una Escuela\u201d, y teniendo como punto de apoyo fundamental, las asesor\u00edas pedag\u00f3gicas que se vienen desarrollando desde cada instituci\u00f3n educativa, explic\u00f3.<\/p>\n\n\n\n<p><strong>Congreso virtual o presencial<\/strong><\/p>\n\n\n\n<p>Hoy y ma\u00f1ana ser\u00e1 el Congreso Pedag\u00f3gico Virtual Circuital, puede ser virtual y presencial, de modo que quien no asiste se conecta al medio social, la tem\u00e1tica fundamental de este congreso ser\u00e1 la educaci\u00f3n desde lo com\u00fan, educaci\u00f3n que est\u00e1 \u00edntimamente &nbsp;ligada al desarrollo del plan sustentable de cada comunidad, donde est\u00e1n las escuelas tiene su particularidad, caracterizaci\u00f3n, una conformaci\u00f3n social totalmente distinta. \u201cno es lo mismo una escuela en Gran Sabana, que una en Ciudad Bol\u00edvar\u201d, dijo Su\u00e1rez.<\/p>\n\n\n\n<p>Mencion\u00f3 el profesor, que partiendo de las caracter\u00edsticas y particularidades de las escuelas y de acuerdo al nivel de la instituci\u00f3n; educaci\u00f3n inicial, primaria o especial, bachillerato, t\u00e9cnica, general y media, pues tiene una distribuci\u00f3n, un conocimiento distinto, es trabajada.<\/p>\n\n\n\n<p>Aleg\u00f3 que en funci\u00f3n de esa labor, las experiencias de mayor fortaleza, las experiencias que han venido desarrollando los padres, los maestros, los estudiantes, las sociedades de comunidades educativas, los consejos bolivarianos de familias, son los que vamos a compartir en esta experiencia.<\/p>\n\n\n\n<p>\u201cPara sentirnos que en primer lugar sentirnos que estamos desarrollando y avanzando juntos, segundo que damos respuesta a una situaci\u00f3n de cuarentena producto de la pandemia y tercer lugar crea el sentido de cuerpo nosotros somos una estructura org\u00e1nica del ministerio de educaci\u00f3n que busca fortalecer los desarrollos cognitivos\u201d, continuo. &nbsp;<\/p>\n\n\n\n<p>Asimismo, asever\u00f3 que para garantizar que haya en cada escuela, en cada instituci\u00f3n, en cada familia la sustentabilidad, &nbsp;en relaci\u00f3n al desarrollo de valores, la parte cognitiva, el crecimiento personal, todos esos valores se van a conjugar para nosotros tener fortaleza.<\/p>\n\n\n\n<p><strong>Exitoso Congreso de Ciencia<\/strong><\/p>\n\n\n\n<p>Los d\u00edas 9 y 10, fue la presentaci\u00f3n del Congreso de Ciencia, de dos grupos importantes en el estado Bol\u00edvar, el grupo de ciencias, el cual es bastante importante, una forma de investigar y acercar a los muchachos a la ciencia.<\/p>\n\n\n\n<p>Con la participaci\u00f3n de la &nbsp;Escuela Alta Vista Sur, con la participaci\u00f3n de j\u00f3venes, adolescentes brillantes, que hicieron de una lavadora vieja, la cual fue reconstruida y armaron un horno artesanal, otra ni\u00f1a realiz\u00f3 una aspiradora manual, con botellas pl\u00e1sticas de refresco.<\/p>\n\n\n\n<p>\u201cRealmente son brillantes nuestros estudiantes, por ello se estima que el d\u00eda de hoy el congreso cuente con una importante planificaci\u00f3n para compartir todas esas experiencias productivas y acertadas\u201d, concluy\u00f3 la autoridad.<\/p>\n\n\n\n<p><strong>Ivannia Moreno Palacios<\/strong><\/p>\n","protected":false},"excerpt":{"rendered":"<p>Mauro Su\u00e1rez, autoridad \u00fanica de Educaci\u00f3n en el estado Bol\u00edvar anunci\u00f3 el cierre del primer momento pedag\u00f3gico del a\u00f1o escolar 2020-2021, adem\u00e1s de informar la importante agenda para culminar este primer tiempo pedag\u00f3gico de este a\u00f1o escolar, los d\u00edas 11 y 12 de diciembre se realizar\u00e1 el congreso pedag\u00f3gico virtual circuital, mientras que los d\u00edas [&hellip;]<\/p>\n","protected":false},"author":2,"featured_media":165576,"comment_status":"closed","ping_status":"closed","sticky":false,"template":"","format":"standard","meta":{"footnotes":""},"categories":[5,12],"tags":[],"class_list":{"0":"post-185368","1":"post","2":"type-post","3":"status-publish","4":"format-standard","5":"has-post-thumbnail","7":"category-destacado","8":"category-regionales"},"_links":{"self":[{"href":"https:\/\/elluchador.info\/index.php?rest_route=\/wp\/v2\/posts\/185368","targetHints":{"allow":["GET"]}}],"collection":[{"href":"https:\/\/elluchador.info\/index.php?rest_route=\/wp\/v2\/posts"}],"about":[{"href":"https:\/\/elluchador.info\/index.php?rest_route=\/wp\/v2\/types\/post"}],"author":[{"embeddable":true,"href":"https:\/\/elluchador.info\/index.php?rest_route=\/wp\/v2\/users\/2"}],"replies":[{"embeddable":true,"href":"https:\/\/elluchador.info\/index.php?rest_route=%2Fwp%2Fv2%2Fcomments&post=185368"}],"version-history":[{"count":1,"href":"https:\/\/elluchador.info\/index.php?rest_route=\/wp\/v2\/posts\/185368\/revisions"}],"predecessor-version":[{"id":185369,"href":"https:\/\/elluchador.info\/index.php?rest_route=\/wp\/v2\/posts\/185368\/revisions\/185369"}],"wp:featuredmedia":[{"embeddable":true,"href":"https:\/\/elluchador.info\/index.php?rest_route=\/wp\/v2\/media\/165576"}],"wp:attachment":[{"href":"https:\/\/elluchador.info\/index.php?rest_route=%2Fwp%2Fv2%2Fmedia&parent=185368"}],"wp:term":[{"taxonomy":"category","embeddable":true,"href":"https:\/\/elluchador.info\/index.php?rest_route=%2Fwp%2Fv2%2Fcategories&post=185368"},{"taxonomy":"post_tag","embeddable":true,"href":"https:\/\/elluchador.info\/index.php?rest_route=%2Fwp%2Fv2%2Ftags&post=185368"}],"curies":[{"name":"wp","href":"https:\/\/api.w.org\/{rel}","templated":true}]}}