{"id":185373,"date":"2020-12-10T16:58:19","date_gmt":"2020-12-10T20:58:19","guid":{"rendered":"https:\/\/elluchador.info\/web\/?p=185373"},"modified":"2020-12-10T16:55:22","modified_gmt":"2020-12-10T20:55:22","slug":"en-brasil-primer-caso-de-reinfeccion-por-covid-19-fue-confirmado","status":"publish","type":"post","link":"https:\/\/elluchador.info\/?p=185373","title":{"rendered":"En Brasil Primer caso de reinfecci\u00f3n por Covid-19 fue confirmado"},"content":{"rendered":"\n<p>\u201cLos an\u00e1lisis realizados permiten confirmar la&nbsp;<strong>reinfecci\u00f3n por el virus SARS-CoV-2<\/strong>, despu\u00e9s de secuenciar el genoma completo viral que identific\u00f3 dos cepas diferentes\u201d, precis\u00f3 el Ministerio de Salud, agregando que se trata de una profesional de la salud de 37 a\u00f1os que circula entre los estados nordestinos de Para\u00edba y Rio Grande do Norte.<\/p>\n\n\n\n<p>Fuentes oficiales brasile\u00f1as informaron sobre el primer caso de reinfecci\u00f3n de&nbsp;<strong>COVID-19<\/strong>&nbsp;en&nbsp;<strong>Brasil<\/strong>, este jueves, y se trata de una doctora de ese pa\u00eds que contrajo dos veces el virus, con un int\u00e9rvalo de 4 meses entre ambos diagn\u00f3sticos.<\/p>\n\n\n\n<p>\u201cSe enferm\u00f3 en junio, se cur\u00f3 y tuvo otro resultado positivo en octubre, 116 d\u00edas despu\u00e9s del primer diagn\u00f3stico\u201d, agrega el comunicado, seg\u00fan rese\u00f1an agencias de noticias.<\/p>\n\n\n\n<p>\u201cLos an\u00e1lisis realizados permiten confirmar la&nbsp;<strong>reinfecci\u00f3n por el virus SARS-CoV-2<\/strong>, despu\u00e9s de secuenciar el genoma completo viral que identific\u00f3 dos cepas diferentes\u201d, precis\u00f3 el Ministerio de Salud, agregando que se trata de una profesional de la salud de 37 a\u00f1os que circula entre los estados nordestinos de Para\u00edba y Rio Grande do Norte.<\/p>\n\n\n\n<p>\u201cSe enferm\u00f3 en junio, se cur\u00f3 y tuvo otro resultado positivo en octubre, 116 d\u00edas despu\u00e9s del primer diagn\u00f3stico\u201d, agrega el comunicado, seg\u00fan rese\u00f1an agencias de noticias.<\/p>\n\n\n\n<p>El Impulso<\/p>\n","protected":false},"excerpt":{"rendered":"<p>\u201cLos an\u00e1lisis realizados permiten confirmar la&nbsp;reinfecci\u00f3n por el virus SARS-CoV-2, despu\u00e9s de secuenciar el genoma completo viral que identific\u00f3 dos cepas diferentes\u201d, precis\u00f3 el Ministerio de Salud, agregando que se trata de una profesional de la salud de 37 a\u00f1os que circula entre los estados nordestinos de Para\u00edba y Rio Grande do Norte. Fuentes oficiales [&hellip;]<\/p>\n","protected":false},"author":2,"featured_media":167786,"comment_status":"closed","ping_status":"closed","sticky":false,"template":"","format":"standard","meta":{"footnotes":""},"categories":[5,19],"tags":[],"class_list":{"0":"post-185373","1":"post","2":"type-post","3":"status-publish","4":"format-standard","5":"has-post-thumbnail","7":"category-destacado","8":"category-salud"},"_links":{"self":[{"href":"https:\/\/elluchador.info\/index.php?rest_route=\/wp\/v2\/posts\/185373","targetHints":{"allow":["GET"]}}],"collection":[{"href":"https:\/\/elluchador.info\/index.php?rest_route=\/wp\/v2\/posts"}],"about":[{"href":"https:\/\/elluchador.info\/index.php?rest_route=\/wp\/v2\/types\/post"}],"author":[{"embeddable":true,"href":"https:\/\/elluchador.info\/index.php?rest_route=\/wp\/v2\/users\/2"}],"replies":[{"embeddable":true,"href":"https:\/\/elluchador.info\/index.php?rest_route=%2Fwp%2Fv2%2Fcomments&post=185373"}],"version-history":[{"count":1,"href":"https:\/\/elluchador.info\/index.php?rest_route=\/wp\/v2\/posts\/185373\/revisions"}],"predecessor-version":[{"id":185374,"href":"https:\/\/elluchador.info\/index.php?rest_route=\/wp\/v2\/posts\/185373\/revisions\/185374"}],"wp:featuredmedia":[{"embeddable":true,"href":"https:\/\/elluchador.info\/index.php?rest_route=\/wp\/v2\/media\/167786"}],"wp:attachment":[{"href":"https:\/\/elluchador.info\/index.php?rest_route=%2Fwp%2Fv2%2Fmedia&parent=185373"}],"wp:term":[{"taxonomy":"category","embeddable":true,"href":"https:\/\/elluchador.info\/index.php?rest_route=%2Fwp%2Fv2%2Fcategories&post=185373"},{"taxonomy":"post_tag","embeddable":true,"href":"https:\/\/elluchador.info\/index.php?rest_route=%2Fwp%2Fv2%2Ftags&post=185373"}],"curies":[{"name":"wp","href":"https:\/\/api.w.org\/{rel}","templated":true}]}}