{"id":189867,"date":"2021-02-02T17:10:17","date_gmt":"2021-02-02T21:10:17","guid":{"rendered":"https:\/\/elluchador.info\/web\/?p=189867"},"modified":"2021-02-02T17:01:37","modified_gmt":"2021-02-02T21:01:37","slug":"leopoldo-lopez-sostuvo-reunion-con-familiares-de-victimas-de-violacion-de-derechos-humanos","status":"publish","type":"post","link":"https:\/\/elluchador.info\/?p=189867","title":{"rendered":"Leopoldo L\u00f3pez sostuvo reuni\u00f3n con familiares de v\u00edctimas de violaci\u00f3n de Derechos Humanos"},"content":{"rendered":"\n<p>El dirigente opositor venezolano en el exilio,<strong>\u00a0Leopoldo L\u00f3pez<\/strong>, se reuni\u00f3 este martes 2 de febrero con familiares de quienes fueron v\u00edctimas de torturas, tratos crueles y\u00a0<strong>violaci\u00f3n de Derechos Humanos<\/strong>\u00a0por parte del<strong> gobierno de Nicol\u00e1s Maduro<\/strong>\u00a0en a\u00f1os pasados, muchos de los cuales lo llevaron a ser se\u00f1alado como autor de cr\u00edmenes de lesa humanidad por la\u00a0<strong>Corte Penal Internacional<\/strong>\u00a0(CPI).<\/p>\n\n\n\n<p>A trav\u00e9s de su cuenta de Twitter, L\u00f3pez comparti\u00f3 fotograf\u00edas de dicha reuni\u00f3n en la que tambi\u00e9n estuvo acompa\u00f1ado por el\u00a0<strong>diputado a la Asamblea Nacional francesa<\/strong>\u00a0<strong>Mickael Nogal<\/strong>\u00a0y le agradeci\u00f3 a \u00e9ste por el apoyo a la causa democr\u00e1tica de\u00a0<strong>Venezuela<\/strong>.<\/p>\n\n\n\n<p>Las personas con quienes se reuni\u00f3 el l\u00edder del partido Voluntad Popular, son familiares de<strong>\u00a0Neomar Lander<\/strong>,\u00a0<strong>David Vallenilla<\/strong>\u00a0y<strong>\u00a0Armando Ca\u00f1izales<\/strong>, estudiantes que fallecieron durante las<strong>\u00a0protestas de 2017<\/strong>.<\/p>\n\n\n\n<p>\u201cSeguiremos haciendo lo que corresponda para que los responsables de cada asesinato, cada tortura, cada detenci\u00f3n arbitraria, cada violaci\u00f3n a los DDHH sean sometidos a la justicia internacional\u201d. <\/p>\n\n\n\n<p>El Impulso <\/p>\n","protected":false},"excerpt":{"rendered":"<p>El dirigente opositor venezolano en el exilio,\u00a0Leopoldo L\u00f3pez, se reuni\u00f3 este martes 2 de febrero con familiares de quienes fueron v\u00edctimas de torturas, tratos crueles y\u00a0violaci\u00f3n de Derechos Humanos\u00a0por parte del gobierno de Nicol\u00e1s Maduro\u00a0en a\u00f1os pasados, muchos de los cuales lo llevaron a ser se\u00f1alado como autor de cr\u00edmenes de lesa humanidad por la\u00a0Corte [&hellip;]<\/p>\n","protected":false},"author":2,"featured_media":157723,"comment_status":"closed","ping_status":"closed","sticky":false,"template":"","format":"standard","meta":{"footnotes":""},"categories":[5,11],"tags":[],"class_list":{"0":"post-189867","1":"post","2":"type-post","3":"status-publish","4":"format-standard","5":"has-post-thumbnail","7":"category-destacado","8":"category-politica"},"_links":{"self":[{"href":"https:\/\/elluchador.info\/index.php?rest_route=\/wp\/v2\/posts\/189867","targetHints":{"allow":["GET"]}}],"collection":[{"href":"https:\/\/elluchador.info\/index.php?rest_route=\/wp\/v2\/posts"}],"about":[{"href":"https:\/\/elluchador.info\/index.php?rest_route=\/wp\/v2\/types\/post"}],"author":[{"embeddable":true,"href":"https:\/\/elluchador.info\/index.php?rest_route=\/wp\/v2\/users\/2"}],"replies":[{"embeddable":true,"href":"https:\/\/elluchador.info\/index.php?rest_route=%2Fwp%2Fv2%2Fcomments&post=189867"}],"version-history":[{"count":1,"href":"https:\/\/elluchador.info\/index.php?rest_route=\/wp\/v2\/posts\/189867\/revisions"}],"predecessor-version":[{"id":189868,"href":"https:\/\/elluchador.info\/index.php?rest_route=\/wp\/v2\/posts\/189867\/revisions\/189868"}],"wp:featuredmedia":[{"embeddable":true,"href":"https:\/\/elluchador.info\/index.php?rest_route=\/wp\/v2\/media\/157723"}],"wp:attachment":[{"href":"https:\/\/elluchador.info\/index.php?rest_route=%2Fwp%2Fv2%2Fmedia&parent=189867"}],"wp:term":[{"taxonomy":"category","embeddable":true,"href":"https:\/\/elluchador.info\/index.php?rest_route=%2Fwp%2Fv2%2Fcategories&post=189867"},{"taxonomy":"post_tag","embeddable":true,"href":"https:\/\/elluchador.info\/index.php?rest_route=%2Fwp%2Fv2%2Ftags&post=189867"}],"curies":[{"name":"wp","href":"https:\/\/api.w.org\/{rel}","templated":true}]}}