{"id":189890,"date":"2021-02-03T08:38:03","date_gmt":"2021-02-03T12:38:03","guid":{"rendered":"https:\/\/elluchador.info\/web\/?p=189890"},"modified":"2021-02-03T08:30:29","modified_gmt":"2021-02-03T12:30:29","slug":"maduro-propone-retorno-a-clases-con-medidas-de-bioseguridad","status":"publish","type":"post","link":"https:\/\/elluchador.info\/?p=189890","title":{"rendered":"Maduro propone retorno a clases con medidas de bioseguridad"},"content":{"rendered":"\n<p>Nicol\u00e1s Maduro asegur\u00f3 que contin\u00faa evaluando la reincorporaci\u00f3n de los estudiantes a clases presenciales, contando con estrictas medidas de bioseguridad.<\/p>\n\n\n\n<p>\u201cYo creo firmemente que hay que volver a las clases presenciales con todas las medidas de bioseguridad, lo estamos evaluando\u201d, dijo durante el acto conmemorativo de los 22 a\u00f1os de la Revoluci\u00f3n Bolivariana.<\/p>\n\n\n\n<p>\u201cApenas Arist\u00f3bulo Ist\u00fariz pueda reincorporarse, vamos a estudiar el regreso de las clases presenciales\u201d, indic\u00f3.<\/p>\n\n\n\n<p>En este orden, dijo que la idea es que se combinen las clases presenciales con las online \u201cen los pr\u00f3ximos dos trimestres del a\u00f1o, para que los muchachos puedan tener interacci\u00f3n\u201d.<\/p>\n\n\n\n<p>Maduro propuso que el retorno a las aulas se har\u00eda bajo estrictas medidas de bioseguridad\u00a0 y durante la semana de flexibilizaci\u00f3n.<\/p>\n\n\n\n<p>Afirm\u00f3 que actualmente Venezuela garantiza la educaci\u00f3n en el pa\u00eds con 93% de escolaridad y que 85% de los estudiantes en \u201clos tres niveles est\u00e1n en la educaci\u00f3n p\u00fablica, gratuita y de calidad\u201d.<\/p>\n\n\n\n<p>\u201cEsto no era as\u00ed hace 22 a\u00f1os, pr\u00e1cticamente 60% de los estudiantes estaban en sistemas privatizados\u201d, opin\u00f3.<\/p>\n\n\n\n<p>En Venezuela, desde marzo de 2020, tras detectarse los primeros casos de contagios por covid-19, el r\u00e9gimen decidi\u00f3 ir hacia la modalidad de clases online para evitar la propagaci\u00f3n del virus en los centros de educativos.<\/p>\n\n\n\n<p><strong>El Nacional<\/strong><\/p>\n","protected":false},"excerpt":{"rendered":"<p>Nicol\u00e1s Maduro asegur\u00f3 que contin\u00faa evaluando la reincorporaci\u00f3n de los estudiantes a clases presenciales, contando con estrictas medidas de bioseguridad. \u201cYo creo firmemente que hay que volver a las clases presenciales con todas las medidas de bioseguridad, lo estamos evaluando\u201d, dijo durante el acto conmemorativo de los 22 a\u00f1os de la Revoluci\u00f3n Bolivariana. \u201cApenas Arist\u00f3bulo [&hellip;]<\/p>\n","protected":false},"author":2,"featured_media":178555,"comment_status":"closed","ping_status":"closed","sticky":false,"template":"","format":"standard","meta":{"footnotes":""},"categories":[5,9],"tags":[],"class_list":{"0":"post-189890","1":"post","2":"type-post","3":"status-publish","4":"format-standard","5":"has-post-thumbnail","7":"category-destacado","8":"category-nacionales"},"_links":{"self":[{"href":"https:\/\/elluchador.info\/index.php?rest_route=\/wp\/v2\/posts\/189890","targetHints":{"allow":["GET"]}}],"collection":[{"href":"https:\/\/elluchador.info\/index.php?rest_route=\/wp\/v2\/posts"}],"about":[{"href":"https:\/\/elluchador.info\/index.php?rest_route=\/wp\/v2\/types\/post"}],"author":[{"embeddable":true,"href":"https:\/\/elluchador.info\/index.php?rest_route=\/wp\/v2\/users\/2"}],"replies":[{"embeddable":true,"href":"https:\/\/elluchador.info\/index.php?rest_route=%2Fwp%2Fv2%2Fcomments&post=189890"}],"version-history":[{"count":1,"href":"https:\/\/elluchador.info\/index.php?rest_route=\/wp\/v2\/posts\/189890\/revisions"}],"predecessor-version":[{"id":189891,"href":"https:\/\/elluchador.info\/index.php?rest_route=\/wp\/v2\/posts\/189890\/revisions\/189891"}],"wp:featuredmedia":[{"embeddable":true,"href":"https:\/\/elluchador.info\/index.php?rest_route=\/wp\/v2\/media\/178555"}],"wp:attachment":[{"href":"https:\/\/elluchador.info\/index.php?rest_route=%2Fwp%2Fv2%2Fmedia&parent=189890"}],"wp:term":[{"taxonomy":"category","embeddable":true,"href":"https:\/\/elluchador.info\/index.php?rest_route=%2Fwp%2Fv2%2Fcategories&post=189890"},{"taxonomy":"post_tag","embeddable":true,"href":"https:\/\/elluchador.info\/index.php?rest_route=%2Fwp%2Fv2%2Ftags&post=189890"}],"curies":[{"name":"wp","href":"https:\/\/api.w.org\/{rel}","templated":true}]}}