{"id":189921,"date":"2021-02-03T17:13:30","date_gmt":"2021-02-03T21:13:30","guid":{"rendered":"https:\/\/elluchador.info\/web\/?p=189921"},"modified":"2021-02-03T17:03:28","modified_gmt":"2021-02-03T21:03:28","slug":"cleb-instala-comision-especial-para-la-defensa-del-esequibo","status":"publish","type":"post","link":"https:\/\/elluchador.info\/?p=189921","title":{"rendered":"CLEB instala Comisi\u00f3n Especial para la defensa del Esequibo"},"content":{"rendered":"\n<p>Con la finalidad de cumplir con la agenda de parlamentarismo de calle con sentido patri\u00f3tico, propuesta por el presidente constitucional de la Rep\u00fablica Bolivariana de Venezuela, Nicol\u00e1s Maduro Moros, el Consejo Legislativo del estado Bol\u00edvar (CLEB), presidido por la diputada Adimar Hern\u00e1ndez, instal\u00f3 este martes la Comisi\u00f3n Especial para la defensa del Esequibo, complementando su actividad en el fortalecimiento de las pol\u00edticas para el desarrollo sustentable del pa\u00eds y la defensa de la soberan\u00eda nacional.<\/p>\n\n\n\n<p>La Comisi\u00f3n Especial para el Esequibo, qued\u00f3 presidida por la diputada Adimar Hern\u00e1ndez, conformada tambi\u00e9n por los parlamentarios: Zoilo Franco (Vicepresidente); Hern\u00e1n Bethelmy, Lisbethy Rodr\u00edguez, \u00c1lvaro Fern\u00e1ndez, y como asesores: Karen Jhon, Luis Manuel Hern\u00e1ndez y Yenicia Chiroco, respectivamente,&nbsp; &nbsp;quienes se comprometieron a darle fiel cumplimiento a la referida disposici\u00f3n legislativa en todas sus instancias.<\/p>\n\n\n\n<p>En ese sentido, la presidenta del CLEB y rectora de la Comisi\u00f3n Especial del Esequibo, dijo que con esta acci\u00f3n parlamentaria el Poder Legislativo ratifica su respaldo al presidente Nicol\u00e1s Maduro Moros y al gobernador Noguera Pietri, en sus acciones por la defensa del territorio del Esequibo. \u201cNos desplazaremos por todo el estado Bol\u00edvar para discutir y recoger los aportes del pueblo sobre la defensa de nuestra soberan\u00eda\u201d, dijo finalmente la diputada Adimar Hern\u00e1ndez. <\/p>\n\n\n\n<p><strong>(Prensa\/CLEB): <\/strong><\/p>\n\n\n\n<p><\/p>\n\n\n\n<p><\/p>\n","protected":false},"excerpt":{"rendered":"<p>Con la finalidad de cumplir con la agenda de parlamentarismo de calle con sentido patri\u00f3tico, propuesta por el presidente constitucional de la Rep\u00fablica Bolivariana de Venezuela, Nicol\u00e1s Maduro Moros, el Consejo Legislativo del estado Bol\u00edvar (CLEB), presidido por la diputada Adimar Hern\u00e1ndez, instal\u00f3 este martes la Comisi\u00f3n Especial para la defensa del Esequibo, complementando su [&hellip;]<\/p>\n","protected":false},"author":2,"featured_media":189922,"comment_status":"closed","ping_status":"closed","sticky":false,"template":"","format":"standard","meta":{"footnotes":""},"categories":[5,11],"tags":[],"class_list":{"0":"post-189921","1":"post","2":"type-post","3":"status-publish","4":"format-standard","5":"has-post-thumbnail","7":"category-destacado","8":"category-politica"},"_links":{"self":[{"href":"https:\/\/elluchador.info\/index.php?rest_route=\/wp\/v2\/posts\/189921","targetHints":{"allow":["GET"]}}],"collection":[{"href":"https:\/\/elluchador.info\/index.php?rest_route=\/wp\/v2\/posts"}],"about":[{"href":"https:\/\/elluchador.info\/index.php?rest_route=\/wp\/v2\/types\/post"}],"author":[{"embeddable":true,"href":"https:\/\/elluchador.info\/index.php?rest_route=\/wp\/v2\/users\/2"}],"replies":[{"embeddable":true,"href":"https:\/\/elluchador.info\/index.php?rest_route=%2Fwp%2Fv2%2Fcomments&post=189921"}],"version-history":[{"count":1,"href":"https:\/\/elluchador.info\/index.php?rest_route=\/wp\/v2\/posts\/189921\/revisions"}],"predecessor-version":[{"id":189923,"href":"https:\/\/elluchador.info\/index.php?rest_route=\/wp\/v2\/posts\/189921\/revisions\/189923"}],"wp:featuredmedia":[{"embeddable":true,"href":"https:\/\/elluchador.info\/index.php?rest_route=\/wp\/v2\/media\/189922"}],"wp:attachment":[{"href":"https:\/\/elluchador.info\/index.php?rest_route=%2Fwp%2Fv2%2Fmedia&parent=189921"}],"wp:term":[{"taxonomy":"category","embeddable":true,"href":"https:\/\/elluchador.info\/index.php?rest_route=%2Fwp%2Fv2%2Fcategories&post=189921"},{"taxonomy":"post_tag","embeddable":true,"href":"https:\/\/elluchador.info\/index.php?rest_route=%2Fwp%2Fv2%2Ftags&post=189921"}],"curies":[{"name":"wp","href":"https:\/\/api.w.org\/{rel}","templated":true}]}}