{"id":189930,"date":"2021-02-03T19:25:36","date_gmt":"2021-02-03T23:25:36","guid":{"rendered":"https:\/\/elluchador.info\/web\/?p=189930"},"modified":"2021-02-03T18:58:06","modified_gmt":"2021-02-03T22:58:06","slug":"oms-por-tercera-semana-consecutiva-bajan-los-casos-de-covid-19","status":"publish","type":"post","link":"https:\/\/elluchador.info\/?p=189930","title":{"rendered":"OMS: Por tercera semana consecutiva bajan los casos de covid-19"},"content":{"rendered":"\n<p>La Organizaci\u00f3n Mundial de la Salud (OMS) confirm\u00f3 este mi\u00e9rcoles que los nuevos casos de covid-19 a nivel global bajaron en la \u00faltima semana, en un 13 %, lo que implica una reducci\u00f3n de las infecciones por tercera semana consecutiva.<\/p>\n\n\n\n<p>En los \u00faltimos siete d\u00edas la OMS recibi\u00f3 notificaciones relativas a 3,7 millones de nuevos casos en el mundo, frente a 5 millones semanales que se registraban a principios de a\u00f1o.<\/p>\n\n\n\n<p>Seg\u00fan el panel de control de la pandemia de la OMS, los casos confirmados de covid-19 se elevan a 103,3 millones de casos, mientras que los fallecidos por esta enfermedad ascendieron a 2,24 millones.<\/p>\n\n\n\n<p>\u00abLa transmisi\u00f3n ha bajado en muchos pa\u00edses, pero no tenemos que olvidar como hemos llegado a esto, el precio que hemos pagado\u00bb, dijo la jefa de la c\u00e9lula t\u00e9cnica anticovid de la Organizaci\u00f3n, Mar\u00eda Van Kerkhove, en un charla informativa a trav\u00e9s de las redes sociales.<\/p>\n\n\n\n<p>La experta pidi\u00f3 que no se genere un optimismo excesivo frente a la relativa mejora de las cifras globales de la pandemia y que los pa\u00edses no cometan el error de levantar demasiado r\u00e1pido las restricciones impuestas.<\/p>\n\n\n\n<p>Sostuvo que reanudar las actividades econ\u00f3micas, sociales o deportivas debe hacerse \u00ablentamente, de manera controlada y tomando decisiones basadas en la ciencia\u00bb.<\/p>\n\n\n\n<p>EFE<\/p>\n","protected":false},"excerpt":{"rendered":"<p>La Organizaci\u00f3n Mundial de la Salud (OMS) confirm\u00f3 este mi\u00e9rcoles que los nuevos casos de covid-19 a nivel global bajaron en la \u00faltima semana, en un 13 %, lo que implica una reducci\u00f3n de las infecciones por tercera semana consecutiva. En los \u00faltimos siete d\u00edas la OMS recibi\u00f3 notificaciones relativas a 3,7 millones de nuevos [&hellip;]<\/p>\n","protected":false},"author":2,"featured_media":189931,"comment_status":"closed","ping_status":"closed","sticky":false,"template":"","format":"standard","meta":{"footnotes":""},"categories":[5,19],"tags":[],"class_list":{"0":"post-189930","1":"post","2":"type-post","3":"status-publish","4":"format-standard","5":"has-post-thumbnail","7":"category-destacado","8":"category-salud"},"_links":{"self":[{"href":"https:\/\/elluchador.info\/index.php?rest_route=\/wp\/v2\/posts\/189930","targetHints":{"allow":["GET"]}}],"collection":[{"href":"https:\/\/elluchador.info\/index.php?rest_route=\/wp\/v2\/posts"}],"about":[{"href":"https:\/\/elluchador.info\/index.php?rest_route=\/wp\/v2\/types\/post"}],"author":[{"embeddable":true,"href":"https:\/\/elluchador.info\/index.php?rest_route=\/wp\/v2\/users\/2"}],"replies":[{"embeddable":true,"href":"https:\/\/elluchador.info\/index.php?rest_route=%2Fwp%2Fv2%2Fcomments&post=189930"}],"version-history":[{"count":1,"href":"https:\/\/elluchador.info\/index.php?rest_route=\/wp\/v2\/posts\/189930\/revisions"}],"predecessor-version":[{"id":189932,"href":"https:\/\/elluchador.info\/index.php?rest_route=\/wp\/v2\/posts\/189930\/revisions\/189932"}],"wp:featuredmedia":[{"embeddable":true,"href":"https:\/\/elluchador.info\/index.php?rest_route=\/wp\/v2\/media\/189931"}],"wp:attachment":[{"href":"https:\/\/elluchador.info\/index.php?rest_route=%2Fwp%2Fv2%2Fmedia&parent=189930"}],"wp:term":[{"taxonomy":"category","embeddable":true,"href":"https:\/\/elluchador.info\/index.php?rest_route=%2Fwp%2Fv2%2Fcategories&post=189930"},{"taxonomy":"post_tag","embeddable":true,"href":"https:\/\/elluchador.info\/index.php?rest_route=%2Fwp%2Fv2%2Ftags&post=189930"}],"curies":[{"name":"wp","href":"https:\/\/api.w.org\/{rel}","templated":true}]}}