{"id":189939,"date":"2021-02-03T20:05:56","date_gmt":"2021-02-04T00:05:56","guid":{"rendered":"https:\/\/elluchador.info\/web\/?p=189939"},"modified":"2021-02-03T19:51:53","modified_gmt":"2021-02-03T23:51:53","slug":"papa-recibio-la-segunda-dosis-de-la-vacuna-de-pfizer","status":"publish","type":"post","link":"https:\/\/elluchador.info\/?p=189939","title":{"rendered":"Papa recibi\u00f3 la segunda dosis de la vacuna de Pfizer"},"content":{"rendered":"\n<p>El papa Francisco, de 84 a\u00f1os, recibi\u00f3 este mi\u00e9rcoles la segunda dosis de la vacuna contra el coronavirus y est\u00e1 inmunizado, seg\u00fan confirm\u00f3 el portavoz Vaticano, Matteo Bruni.<\/p>\n\n\n\n<p>Al pont\u00edfice se le administr\u00f3 la segunda dosis de la vacuna de Pfizer, tres semanas despu\u00e9s de la primera, en el atrio del aula Pablo VI, que fue acondicionada para la campa\u00f1a de vacunaci\u00f3n del Estado Vaticano.<\/p>\n\n\n\n<p>La direcci\u00f3n sanitaria y de Higiene de la Ciudad del Vaticano reserv\u00f3 cerca de 10.000 vacunas de la farmac\u00e9utica Pfizer para su campa\u00f1a de vacunaci\u00f3n, que comenz\u00f3 el pasado 13 de enero, cuando Francisco recibi\u00f3 la primera dosis, entre sus cerca de 3.000 empleados y 800 residentes<\/p>\n\n\n\n<p>Como en el resto de pa\u00edses, los primeros en ser vacunados fueron el personal sanitario y los ancianos<\/p>\n\n\n\n<p>EFE<\/p>\n","protected":false},"excerpt":{"rendered":"<p>El papa Francisco, de 84 a\u00f1os, recibi\u00f3 este mi\u00e9rcoles la segunda dosis de la vacuna contra el coronavirus y est\u00e1 inmunizado, seg\u00fan confirm\u00f3 el portavoz Vaticano, Matteo Bruni. Al pont\u00edfice se le administr\u00f3 la segunda dosis de la vacuna de Pfizer, tres semanas despu\u00e9s de la primera, en el atrio del aula Pablo VI, que [&hellip;]<\/p>\n","protected":false},"author":2,"featured_media":189940,"comment_status":"closed","ping_status":"closed","sticky":false,"template":"","format":"standard","meta":{"footnotes":""},"categories":[5,8],"tags":[],"class_list":{"0":"post-189939","1":"post","2":"type-post","3":"status-publish","4":"format-standard","5":"has-post-thumbnail","7":"category-destacado","8":"category-internacionales"},"_links":{"self":[{"href":"https:\/\/elluchador.info\/index.php?rest_route=\/wp\/v2\/posts\/189939","targetHints":{"allow":["GET"]}}],"collection":[{"href":"https:\/\/elluchador.info\/index.php?rest_route=\/wp\/v2\/posts"}],"about":[{"href":"https:\/\/elluchador.info\/index.php?rest_route=\/wp\/v2\/types\/post"}],"author":[{"embeddable":true,"href":"https:\/\/elluchador.info\/index.php?rest_route=\/wp\/v2\/users\/2"}],"replies":[{"embeddable":true,"href":"https:\/\/elluchador.info\/index.php?rest_route=%2Fwp%2Fv2%2Fcomments&post=189939"}],"version-history":[{"count":1,"href":"https:\/\/elluchador.info\/index.php?rest_route=\/wp\/v2\/posts\/189939\/revisions"}],"predecessor-version":[{"id":189941,"href":"https:\/\/elluchador.info\/index.php?rest_route=\/wp\/v2\/posts\/189939\/revisions\/189941"}],"wp:featuredmedia":[{"embeddable":true,"href":"https:\/\/elluchador.info\/index.php?rest_route=\/wp\/v2\/media\/189940"}],"wp:attachment":[{"href":"https:\/\/elluchador.info\/index.php?rest_route=%2Fwp%2Fv2%2Fmedia&parent=189939"}],"wp:term":[{"taxonomy":"category","embeddable":true,"href":"https:\/\/elluchador.info\/index.php?rest_route=%2Fwp%2Fv2%2Fcategories&post=189939"},{"taxonomy":"post_tag","embeddable":true,"href":"https:\/\/elluchador.info\/index.php?rest_route=%2Fwp%2Fv2%2Ftags&post=189939"}],"curies":[{"name":"wp","href":"https:\/\/api.w.org\/{rel}","templated":true}]}}