{"id":189961,"date":"2021-02-04T08:55:28","date_gmt":"2021-02-04T12:55:28","guid":{"rendered":"https:\/\/elluchador.info\/web\/?p=189961"},"modified":"2021-02-04T08:49:53","modified_gmt":"2021-02-04T12:49:53","slug":"venezuela-libero-a-12-pescadores-guyaneses-detenidos-por-faenar-en-sus-aguas","status":"publish","type":"post","link":"https:\/\/elluchador.info\/?p=189961","title":{"rendered":"Venezuela liber\u00f3 a 12 pescadores guyaneses detenidos por faenar en sus aguas"},"content":{"rendered":"\n<p>El Gobierno de Venezuela anunci\u00f3  que liber\u00f3 a los 12 pescadores guyaneses a los que detuvo la Armada el pasado 23 de enero bajo la acusaci\u00f3n de faenar en sus aguas de manera ilegal.<\/p>\n\n\n\n<p>En un comunicado difundido por la Canciller\u00eda, Venezuela aclar\u00f3 que los pescadores fueron liberados el martes y reiter\u00f3 que fueron arrestados \u00abtras ser encontrados por la Armada Bolivariana en aguas territoriales venezolanas ejerciendo la pesca ilegal a bordo de las embarcaciones \u2018Lady Nayer\u2019 y \u2018Sea Wolf&#8217;\u00bb.<\/p>\n\n\n\n<blockquote class=\"wp-block-quote is-layout-flow wp-block-quote-is-layout-flow\"><p>\u00abEl Gobierno venezolano desea reconocer que esta medida de gracia, motu propio, constituye una genuina iniciativa en favor de la paz\u00bb, reza el comunicado.<\/p><\/blockquote>\n\n\n\n<p>Seg\u00fan el Ejecutivo, la puesta en libertad de los 12 pescadores responde \u00abal m\u00e1s sincero inter\u00e9s de que el Caribe permanezca como una zona de paz, as\u00ed como a la intermediaci\u00f3n de los Gobiernos de Antigua y Barbuda, San Vicente y las Granadinas y Trinidad y Tobago, en favor de la estabilidad de la regi\u00f3n y la buena convivencia como vecinos\u00bb.<\/p>\n\n\n\n<p>Al respecto, Venezuela considera que es \u00abpropicia la ocasi\u00f3n\u00bb para reiterar al Gobierno de Guyana su \u00abdisposici\u00f3n de dirimir cualquier controversia siempre apegada al respeto y a los principios del derecho internacional\u00bb.<\/p>\n\n\n\n<blockquote class=\"wp-block-quote is-layout-flow wp-block-quote-is-layout-flow\"><p>\u00abAnte lo cual, (el Ejecutivo) solicita que abandone su campa\u00f1a de victimizaci\u00f3n frente al Gobierno venezolano y que rectifique su posici\u00f3n sobre aquellas diferencias que nada tienen que ver con la disputa territorial existente entre ambos pa\u00edses\u00bb, concluye.<\/p><\/blockquote>\n\n\n\n<p>Venezuela y Guyana se disputan un territorio que abarca casi 160.000 kil\u00f3metros cuadrados al oeste del r\u00edo Esequibo.<\/p>\n\n\n\n<p>La pol\u00e9mica por la zona se ha agudizado en los \u00faltimos a\u00f1os, despu\u00e9s de que la compa\u00f1\u00eda estadounidense ExxonMobil descubriera, en 2015, yacimientos de petr\u00f3leo en las aguas adyacentes a la zona en litigio.<\/p>\n\n\n\n<p>La Corte Internacional de Justicia (CIJ) se declar\u00f3 competente para resolver esta disputa, pero Venezuela rechaza la decisi\u00f3n y defiende que la controversia se resuelva de manera bilateral.<\/p>\n\n\n\n<p>El pasado 31 de enero, Venezuela acus\u00f3 a Guyana de intentar \u00abfabricar un conflicto\u00bb regional por su presunta \u00abmanipulaci\u00f3n de los hechos\u00bb tras la detenci\u00f3n de los pescadores.<\/p>\n","protected":false},"excerpt":{"rendered":"<p>El Gobierno de Venezuela anunci\u00f3 que liber\u00f3 a los 12 pescadores guyaneses a los que detuvo la Armada el pasado 23 de enero bajo la acusaci\u00f3n de faenar en sus aguas de manera ilegal. En un comunicado difundido por la Canciller\u00eda, Venezuela aclar\u00f3 que los pescadores fueron liberados el martes y reiter\u00f3 que fueron arrestados [&hellip;]<\/p>\n","protected":false},"author":2,"featured_media":189967,"comment_status":"closed","ping_status":"closed","sticky":false,"template":"","format":"standard","meta":{"footnotes":""},"categories":[5,13],"tags":[],"class_list":{"0":"post-189961","1":"post","2":"type-post","3":"status-publish","4":"format-standard","5":"has-post-thumbnail","7":"category-destacado","8":"category-sucesos"},"_links":{"self":[{"href":"https:\/\/elluchador.info\/index.php?rest_route=\/wp\/v2\/posts\/189961","targetHints":{"allow":["GET"]}}],"collection":[{"href":"https:\/\/elluchador.info\/index.php?rest_route=\/wp\/v2\/posts"}],"about":[{"href":"https:\/\/elluchador.info\/index.php?rest_route=\/wp\/v2\/types\/post"}],"author":[{"embeddable":true,"href":"https:\/\/elluchador.info\/index.php?rest_route=\/wp\/v2\/users\/2"}],"replies":[{"embeddable":true,"href":"https:\/\/elluchador.info\/index.php?rest_route=%2Fwp%2Fv2%2Fcomments&post=189961"}],"version-history":[{"count":1,"href":"https:\/\/elluchador.info\/index.php?rest_route=\/wp\/v2\/posts\/189961\/revisions"}],"predecessor-version":[{"id":189968,"href":"https:\/\/elluchador.info\/index.php?rest_route=\/wp\/v2\/posts\/189961\/revisions\/189968"}],"wp:featuredmedia":[{"embeddable":true,"href":"https:\/\/elluchador.info\/index.php?rest_route=\/wp\/v2\/media\/189967"}],"wp:attachment":[{"href":"https:\/\/elluchador.info\/index.php?rest_route=%2Fwp%2Fv2%2Fmedia&parent=189961"}],"wp:term":[{"taxonomy":"category","embeddable":true,"href":"https:\/\/elluchador.info\/index.php?rest_route=%2Fwp%2Fv2%2Fcategories&post=189961"},{"taxonomy":"post_tag","embeddable":true,"href":"https:\/\/elluchador.info\/index.php?rest_route=%2Fwp%2Fv2%2Ftags&post=189961"}],"curies":[{"name":"wp","href":"https:\/\/api.w.org\/{rel}","templated":true}]}}