{"id":189999,"date":"2021-02-04T10:28:03","date_gmt":"2021-02-04T14:28:03","guid":{"rendered":"https:\/\/elluchador.info\/web\/?p=189999"},"modified":"2021-02-04T10:25:11","modified_gmt":"2021-02-04T14:25:11","slug":"latinoamerica-y-el-caribe-se-proponen-restaurar-los-ecosistemas","status":"publish","type":"post","link":"https:\/\/elluchador.info\/?p=189999","title":{"rendered":"Latinoam\u00e9rica y el Caribe se proponen restaurar los ecosistemas"},"content":{"rendered":"\n<p>Am\u00e9rica Latina y el Caribe se comprometieron  a unir esfuerzos para\u00a0la restauraci\u00f3n de sus ecosistemas, como una prioridad sobre las estrategias medioambientales trazadas en la regi\u00f3n.<\/p>\n\n\n\n<p>La XXII Reuni\u00f3n del\u00a0Foro de Ministros de Medio Ambiente de Am\u00e9rica Latina y el Caribe, fue la cita en la que se acord\u00f3 el Plan de Acci\u00f3n del Decenio sobre la Restauraci\u00f3n de Ecosistemas, promovido por\u00a0las Naciones Unidas, que facilitar\u00e1 a\u00a0los pa\u00edses miembros, la recuperaci\u00f3n de espacios naturales terrestres, marinos y costeros en esta d\u00e9cada.<\/p>\n\n\n\n<p>Instaurado el a\u00f1o pasado, el proyecto ambientalista est\u00e1&nbsp;comprendido entre el per\u00edodo que abarca&nbsp;desde este 2021 hasta el 2030, y consiste en una iniciativa internacional para evitar la p\u00e9rdida de ecositemas, y procurar el revertimiento de este problema conectado al cambio clim\u00e1tico y los efectos de la contaminaci\u00f3n.<\/p>\n\n\n\n<p>La planificaci\u00f3n se divide en 10 l\u00edneas de trabajo, gu\u00edadas&nbsp;por tres v\u00edas, que&nbsp;integran la promoci\u00f3n de un movimiento regional para&nbsp;la concientizaci\u00f3n p\u00fablica sobre la problem\u00e1tica; el compromiso pol\u00edtico para el liderazgo, el di\u00e1logo y el financiamiento de la restauraci\u00f3n medioambiental; y el impulso de la capacidad t\u00e9cnica, mediante la inverisi\u00f3n en la formaci\u00f3n de los profesionales en la materia.<\/p>\n\n\n\n<p>El Decenio de las Naciones Unidas sobre la Restauraci\u00f3n de los Ecosistemas (2021-2030), que inici\u00f3 el pasado 1 de enero, presenta un objetivo claro, \u00abPrevenir, detener y revertir la degradaci\u00f3n de los ecosistemas a nivel mundial\u00bb, comparti\u00f3 en su cuenta oficial en Twitter el Instituto Superior del medio ambiente (ISM) de Espa\u00f1a.<\/p>\n\n\n\n<p>Este convenio integra\u00a0la participaci\u00f3n protag\u00f3nica de\u00a0Am\u00e9rica Latina y el Caribe, considerando que esta regi\u00f3n re\u00fane a siete de los pa\u00edses m\u00e1s biodiversos de la Tierra; de manera que, la extensi\u00f3n diversa de sus ecosistemas requieren de m\u00e1xima\u00a0 protecci\u00f3n, no solo para la conservaci\u00f3n\u00a0de medioambiente, sino tambi\u00e9n para reguardar la vida de sus habitantes ante los efectos del cambio clim\u00e1tico y la degradaci\u00f3n ambiental.<\/p>\n\n\n\n<p><strong>YVKEMindial.com<\/strong><\/p>\n","protected":false},"excerpt":{"rendered":"<p>Am\u00e9rica Latina y el Caribe se comprometieron a unir esfuerzos para\u00a0la restauraci\u00f3n de sus ecosistemas, como una prioridad sobre las estrategias medioambientales trazadas en la regi\u00f3n. La XXII Reuni\u00f3n del\u00a0Foro de Ministros de Medio Ambiente de Am\u00e9rica Latina y el Caribe, fue la cita en la que se acord\u00f3 el Plan de Acci\u00f3n del Decenio [&hellip;]<\/p>\n","protected":false},"author":2,"featured_media":190002,"comment_status":"closed","ping_status":"closed","sticky":false,"template":"","format":"standard","meta":{"footnotes":""},"categories":[5,8],"tags":[],"class_list":{"0":"post-189999","1":"post","2":"type-post","3":"status-publish","4":"format-standard","5":"has-post-thumbnail","7":"category-destacado","8":"category-internacionales"},"_links":{"self":[{"href":"https:\/\/elluchador.info\/index.php?rest_route=\/wp\/v2\/posts\/189999","targetHints":{"allow":["GET"]}}],"collection":[{"href":"https:\/\/elluchador.info\/index.php?rest_route=\/wp\/v2\/posts"}],"about":[{"href":"https:\/\/elluchador.info\/index.php?rest_route=\/wp\/v2\/types\/post"}],"author":[{"embeddable":true,"href":"https:\/\/elluchador.info\/index.php?rest_route=\/wp\/v2\/users\/2"}],"replies":[{"embeddable":true,"href":"https:\/\/elluchador.info\/index.php?rest_route=%2Fwp%2Fv2%2Fcomments&post=189999"}],"version-history":[{"count":1,"href":"https:\/\/elluchador.info\/index.php?rest_route=\/wp\/v2\/posts\/189999\/revisions"}],"predecessor-version":[{"id":190003,"href":"https:\/\/elluchador.info\/index.php?rest_route=\/wp\/v2\/posts\/189999\/revisions\/190003"}],"wp:featuredmedia":[{"embeddable":true,"href":"https:\/\/elluchador.info\/index.php?rest_route=\/wp\/v2\/media\/190002"}],"wp:attachment":[{"href":"https:\/\/elluchador.info\/index.php?rest_route=%2Fwp%2Fv2%2Fmedia&parent=189999"}],"wp:term":[{"taxonomy":"category","embeddable":true,"href":"https:\/\/elluchador.info\/index.php?rest_route=%2Fwp%2Fv2%2Fcategories&post=189999"},{"taxonomy":"post_tag","embeddable":true,"href":"https:\/\/elluchador.info\/index.php?rest_route=%2Fwp%2Fv2%2Ftags&post=189999"}],"curies":[{"name":"wp","href":"https:\/\/api.w.org\/{rel}","templated":true}]}}