{"id":190016,"date":"2021-02-04T15:50:51","date_gmt":"2021-02-04T19:50:51","guid":{"rendered":"https:\/\/elluchador.info\/web\/?p=190016"},"modified":"2021-02-04T15:40:07","modified_gmt":"2021-02-04T19:40:07","slug":"gestion-sergio-hernandez-inicio-acometidas-de-demarcacion-y-rayado-de-paradas-publicas","status":"publish","type":"post","link":"https:\/\/elluchador.info\/?p=190016","title":{"rendered":"Gesti\u00f3n Sergio Hern\u00e1ndez inici\u00f3 acometidas de demarcaci\u00f3n y rayado de paradas p\u00fablicas"},"content":{"rendered":"\n<p>Con el objetivo de continuar consolidando los espacios para el bienestar del pueblo a trav\u00e9s del trabajo integral por los equipos que lidera el alcalde de Ciudad Bol\u00edvar, Sergio Hern\u00e1ndez se dio inicio a las acometidas de demarcaci\u00f3n y rayado para los puntos establecidos por Sattravim en materia de las paradas del transporte p\u00fablico.<\/p>\n\n\n\n<p>C\u00e1ndida Mujica, directora del Servicio Aut\u00f3nomo de Transporte, Tr\u00e1nsito y Vialidad Municipal (Sattravim) resalt\u00f3 estas acciones en aras de seguir maximando los espacios en la entidad capital comenzaron en el Paseo Meneses y de esta manera seguir fortaleciendo el Plan de Embellecimiento, Ornato e instalaci\u00f3n de l\u00e1mparas LED que lleva el burgomaestre Sergio Hern\u00e1ndez.<\/p>\n\n\n\n<p>Mujica resalt\u00f3 que el equipo de Sattravim junto a los transportistas se acord\u00f3 los puntos donde se realizan las paradas y de esta manera se procedi\u00f3 a demarcarlas, para que los bolivarenses sepan d\u00f3nde deben estar al momento de esperar el transporte p\u00fablico.<\/p>\n\n\n\n<p>Es importante que tanto choferes como pasajeros respeten los puntos establecidos, ya que en la calle se mantienen los fiscales de Sattravim, cuerpos de seguridad para hacer valer que las personas respeten los puntos y de esta manera optimizar el sistema de vialidad en la entidad capital.<\/p>\n\n\n\n<p>Concluy\u00f3 Mujica que estas acciones se continuar\u00e1n realizando en todas las arterias viales de la entidad capital, bajo los protocolos de seguridad y prevenci\u00f3n por el bienestar de los ciudadanos.<\/p>\n\n\n\n<p>Prensa  Alcald\u00eda AO.<\/p>\n","protected":false},"excerpt":{"rendered":"<p>Con el objetivo de continuar consolidando los espacios para el bienestar del pueblo a trav\u00e9s del trabajo integral por los equipos que lidera el alcalde de Ciudad Bol\u00edvar, Sergio Hern\u00e1ndez se dio inicio a las acometidas de demarcaci\u00f3n y rayado para los puntos establecidos por Sattravim en materia de las paradas del transporte p\u00fablico. C\u00e1ndida [&hellip;]<\/p>\n","protected":false},"author":2,"featured_media":190017,"comment_status":"closed","ping_status":"closed","sticky":false,"template":"","format":"standard","meta":{"footnotes":""},"categories":[5,20],"tags":[],"class_list":{"0":"post-190016","1":"post","2":"type-post","3":"status-publish","4":"format-standard","5":"has-post-thumbnail","7":"category-destacado","8":"category-municipal"},"_links":{"self":[{"href":"https:\/\/elluchador.info\/index.php?rest_route=\/wp\/v2\/posts\/190016","targetHints":{"allow":["GET"]}}],"collection":[{"href":"https:\/\/elluchador.info\/index.php?rest_route=\/wp\/v2\/posts"}],"about":[{"href":"https:\/\/elluchador.info\/index.php?rest_route=\/wp\/v2\/types\/post"}],"author":[{"embeddable":true,"href":"https:\/\/elluchador.info\/index.php?rest_route=\/wp\/v2\/users\/2"}],"replies":[{"embeddable":true,"href":"https:\/\/elluchador.info\/index.php?rest_route=%2Fwp%2Fv2%2Fcomments&post=190016"}],"version-history":[{"count":1,"href":"https:\/\/elluchador.info\/index.php?rest_route=\/wp\/v2\/posts\/190016\/revisions"}],"predecessor-version":[{"id":190018,"href":"https:\/\/elluchador.info\/index.php?rest_route=\/wp\/v2\/posts\/190016\/revisions\/190018"}],"wp:featuredmedia":[{"embeddable":true,"href":"https:\/\/elluchador.info\/index.php?rest_route=\/wp\/v2\/media\/190017"}],"wp:attachment":[{"href":"https:\/\/elluchador.info\/index.php?rest_route=%2Fwp%2Fv2%2Fmedia&parent=190016"}],"wp:term":[{"taxonomy":"category","embeddable":true,"href":"https:\/\/elluchador.info\/index.php?rest_route=%2Fwp%2Fv2%2Fcategories&post=190016"},{"taxonomy":"post_tag","embeddable":true,"href":"https:\/\/elluchador.info\/index.php?rest_route=%2Fwp%2Fv2%2Ftags&post=190016"}],"curies":[{"name":"wp","href":"https:\/\/api.w.org\/{rel}","templated":true}]}}