{"id":190045,"date":"2021-02-04T17:42:47","date_gmt":"2021-02-04T21:42:47","guid":{"rendered":"https:\/\/elluchador.info\/web\/?p=190045"},"modified":"2021-02-04T17:32:41","modified_gmt":"2021-02-04T21:32:41","slug":"conformadas-15-comisiones-permanentes-de-la-an","status":"publish","type":"post","link":"https:\/\/elluchador.info\/?p=190045","title":{"rendered":"Conformadas 15 comisiones permanentes de la  AN"},"content":{"rendered":"\n<p>En sesi\u00f3n ordinaria de este jueves 4 de febrero se anunci\u00f3 la conformaci\u00f3n de la presidencia, primera vicepresidencia y segunda vicepresidencia de las 15 Comisiones Permanentes del Parlamento venezolano para el periodo de sesiones 2021-2022.<\/p>\n\n\n\n<p>A continuaci\u00f3n, la lista de las diferentes comisiones:<\/p>\n\n\n\n<p><strong>Comisi\u00f3n Permanente de Pol\u00edtica Interior<\/strong><\/p>\n\n\n\n<p>\u2013 Presidente: Diputado Pedro Carre\u00f1o<\/p>\n\n\n\n<p>\u2013 Primera Vicepresidenta: Diputada Rosa Le\u00f3n<\/p>\n\n\n\n<p>\u2013 Segundo Vicepresidente: Diputado Fidel V\u00e1squez<\/p>\n\n\n\n<p><strong>Comisi\u00f3n Permanente de Pol\u00edtica Exterior, Soberan\u00eda e Integraci\u00f3n<\/strong><\/p>\n\n\n\n<p>\u2013 Presidente: Diputado Timoteo Zambrano (AP)<br>\u2013 Primera Vicepresidenta: Diputada Ilenia Medina<br>\u2013 Segundo Vicepresidente: Diputado Roy Daza<\/p>\n\n\n\n<p><strong>Comisi\u00f3n Permanente de Contralor\u00eda<\/strong><\/p>\n\n\n\n<p>\u2013 Presidente: Diputado Alexis Rodr\u00edguez Cabello<br>\u2013 Primer Vicepresidente: Diputado Jos\u00e9 Brito (PV)<br>\u2013 Segundo Vicepresidente: Diputado Mario Silva<\/p>\n\n\n\n<p><strong>Comisi\u00f3n Permanente de Finanzas y Desarrollo<\/strong><\/p>\n\n\n\n<p>\u2013 Presidente: Diputado Jes\u00fas Far\u00edas<\/p>\n\n\n\n<p>\u2013 Primer Vicepresidente: Diputado Orlando Camacho<\/p>\n\n\n\n<p>\u2013 Segundo Vicepresidente: Diputado Nicol\u00e1s Maduro Guerra<\/p>\n\n\n\n<p><strong>Comisi\u00f3n Permanente de Desarrollo Social Integral<\/strong><\/p>\n\n\n\n<p>\u2013 Presidente: Diputado Pedro Infante<\/p>\n\n\n\n<p>\u2013 Primer Vicepresidente: Diputada Diva Guzm\u00e1n<\/p>\n\n\n\n<p>\u2013 Segundo Vicepresidente: Diputada Anyediyh Tamayo (AD)<\/p>\n\n\n\n<p><strong>Comisi\u00f3n Permanente de Energ\u00eda y Petr\u00f3leo<\/strong><\/p>\n\n\n\n<p>\u2013 Presidente: Diputado \u00c1ngel Rodr\u00edguez<\/p>\n\n\n\n<p>\u2013 Primer Vicepresidente: Diputado Rodolfo Sanz<\/p>\n\n\n\n<p>\u2013 Segundo Vicepresidente: Diputado Oscar Ronderos<\/p>\n\n\n\n<p><strong>Comisi\u00f3n Permanente del Poder Popular y Medios de Comunicaci\u00f3n<\/strong><\/p>\n\n\n\n<p>\u2013 Presidente: Diputado Juan Carlos Alem\u00e1n<\/p>\n\n\n\n<p>\u2013 Primera Vicepresidenta: Diputada Tania Valentina D\u00edaz<\/p>\n\n\n\n<p>\u2013 Segundo Vicepresidente: Diputada Mar\u00eda Carolina Ch\u00e1vez<\/p>\n\n\n\n<p><strong>Comisi\u00f3n Permanente de Administraci\u00f3n y Servicios<\/strong><\/p>\n\n\n\n<p>\u2013 Presidente: Diputado William Gil<\/p>\n\n\n\n<p>\u2013 Primera Vicepresidenta: Diputada Carolina Cestari<\/p>\n\n\n\n<p>\u2013 Segundo Vicepresidente: Diputado Luis Eduardo Mart\u00ednez<\/p>\n\n\n\n<p><strong>Comisi\u00f3n Permanente de Ambiente, Recursos Naturales y Cambio Clim\u00e1tico<\/strong><\/p>\n\n\n\n<p>\u2013 Presidente: Diputado Ricardo Molina<\/p>\n\n\n\n<p>\u2013 Primer Vicepresidente: Diputado Luis Parra<\/p>\n\n\n\n<p>\u2013 Segunda Vicepresidenta: Diputada Nancy Ascencio<\/p>\n\n\n\n<p><strong>Comisi\u00f3n Permanente de Familia<\/strong><\/p>\n\n\n\n<p>\u2013 Presidenta: Diputada Asia Villegas<\/p>\n\n\n\n<p>\u2013 Primera Vicepresidenta: Diputada Gladys Requena<\/p>\n\n\n\n<p>\u2013 Segundo Vicepresidente: Diputado Alfonso Campos<\/p>\n\n\n\n<p><strong>Comisi\u00f3n Permanente de Pueblos Ind\u00edgenas<\/strong><\/p>\n\n\n\n<p>\u2013 Presidenta: Diputada Aloha N\u00fa\u00f1ez<\/p>\n\n\n\n<p>\u2013 Primera Vicepresidenta: Diputada Nicia Maldonado<\/p>\n\n\n\n<p>\u2013 Segundo Vicepresidente: Diputado Nixon Maniglia<\/p>\n\n\n\n<p><strong>Comisi\u00f3n Permanente&nbsp; de Seguridad y Defensa<\/strong><\/p>\n\n\n\n<p>\u2013 Presidente: Diputado Jes\u00fas Su\u00e1rez Chourio<\/p>\n\n\n\n<p>\u2013 Primera Vicepresidenta: Diputada Gloria Castillo<\/p>\n\n\n\n<p>\u2013 Segundo Vicepresidente: Diputado Gerardo M\u00e1rquez<\/p>\n\n\n\n<p><strong>Comisi\u00f3n de Ciencia, Tecnolog\u00eda e Innovaci\u00f3n<\/strong><\/p>\n\n\n\n<p>\u2013 Presidente: Diputado Ricardo S\u00e1nchez<\/p>\n\n\n\n<p>\u2013 Primer Vicepresidente: Diputado Jos\u00e9 Villarroel<\/p>\n\n\n\n<p>\u2013 Segundo Vicepresidente: Diputado Rub\u00e9n Lima<\/p>\n\n\n\n<p><strong>Comisi\u00f3n Permanente de Cultura y Recreaci\u00f3n<\/strong><\/p>\n\n\n\n<p>\u2013 Presidente: Diputado Earle Herrera<\/p>\n\n\n\n<p>\u2013 Primera Vicepresidenta: Diputada Sol Musset<\/p>\n\n\n\n<p>\u2013 Segundo Vicepresidente: Diputado Javier Segovia<\/p>\n\n\n\n<p><strong>Comisi\u00f3n Permanente de Comunas<\/strong><\/p>\n\n\n\n<p>\u2013 Presidente: Diputado Luis Jos\u00e9 Marcano<\/p>\n\n\n\n<p>\u2013 Primera Vicepresidenta: Diputada Blanca Eekhout<\/p>\n\n\n\n<p>\u2013 Segundo Vicepresidente: Diputado \u00c1ngel Ocanto. <\/p>\n\n\n\n<p>Banca y Negocios <\/p>\n","protected":false},"excerpt":{"rendered":"<p>En sesi\u00f3n ordinaria de este jueves 4 de febrero se anunci\u00f3 la conformaci\u00f3n de la presidencia, primera vicepresidencia y segunda vicepresidencia de las 15 Comisiones Permanentes del Parlamento venezolano para el periodo de sesiones 2021-2022. A continuaci\u00f3n, la lista de las diferentes comisiones: Comisi\u00f3n Permanente de Pol\u00edtica Interior \u2013 Presidente: Diputado Pedro Carre\u00f1o \u2013 Primera [&hellip;]<\/p>\n","protected":false},"author":2,"featured_media":157714,"comment_status":"closed","ping_status":"closed","sticky":false,"template":"","format":"standard","meta":{"footnotes":""},"categories":[5,9],"tags":[],"class_list":{"0":"post-190045","1":"post","2":"type-post","3":"status-publish","4":"format-standard","5":"has-post-thumbnail","7":"category-destacado","8":"category-nacionales"},"_links":{"self":[{"href":"https:\/\/elluchador.info\/index.php?rest_route=\/wp\/v2\/posts\/190045","targetHints":{"allow":["GET"]}}],"collection":[{"href":"https:\/\/elluchador.info\/index.php?rest_route=\/wp\/v2\/posts"}],"about":[{"href":"https:\/\/elluchador.info\/index.php?rest_route=\/wp\/v2\/types\/post"}],"author":[{"embeddable":true,"href":"https:\/\/elluchador.info\/index.php?rest_route=\/wp\/v2\/users\/2"}],"replies":[{"embeddable":true,"href":"https:\/\/elluchador.info\/index.php?rest_route=%2Fwp%2Fv2%2Fcomments&post=190045"}],"version-history":[{"count":1,"href":"https:\/\/elluchador.info\/index.php?rest_route=\/wp\/v2\/posts\/190045\/revisions"}],"predecessor-version":[{"id":190046,"href":"https:\/\/elluchador.info\/index.php?rest_route=\/wp\/v2\/posts\/190045\/revisions\/190046"}],"wp:featuredmedia":[{"embeddable":true,"href":"https:\/\/elluchador.info\/index.php?rest_route=\/wp\/v2\/media\/157714"}],"wp:attachment":[{"href":"https:\/\/elluchador.info\/index.php?rest_route=%2Fwp%2Fv2%2Fmedia&parent=190045"}],"wp:term":[{"taxonomy":"category","embeddable":true,"href":"https:\/\/elluchador.info\/index.php?rest_route=%2Fwp%2Fv2%2Fcategories&post=190045"},{"taxonomy":"post_tag","embeddable":true,"href":"https:\/\/elluchador.info\/index.php?rest_route=%2Fwp%2Fv2%2Ftags&post=190045"}],"curies":[{"name":"wp","href":"https:\/\/api.w.org\/{rel}","templated":true}]}}