{"id":190055,"date":"2021-02-05T08:12:40","date_gmt":"2021-02-05T12:12:40","guid":{"rendered":"https:\/\/elluchador.info\/web\/?p=190055"},"modified":"2021-02-05T08:06:56","modified_gmt":"2021-02-05T12:06:56","slug":"espana-descartara-administrar-la-vacuna-de-astrazeneca-a-los-mayores-de-65-anos","status":"publish","type":"post","link":"https:\/\/elluchador.info\/?p=190055","title":{"rendered":"Espa\u00f1a descartar\u00e1 administrar la vacuna de AstraZeneca a los mayores de 65 a\u00f1os"},"content":{"rendered":"\n<p>Espa\u00f1a ha descartado la administraci\u00f3n de la vacuna contra el SARS-CoV-2 desarrollada por AstraZeneca y la Universidad de Oxford a los mayores de 65 a\u00f1os, seg\u00fan apuntan medios como eldiario.es de fuentes cercanas al plan de vacunaci\u00f3n.<\/p>\n\n\n\n<p>Hasta ahora ya se hab\u00eda\u00a0decidido no inocularla a los mayores de 80 a\u00f1os, para quienes solo se contempla la vacunaci\u00f3n con f\u00e1rmacos de ARN mensajero, es decir, las vacunas de Pfizer y Moderna.<\/p>\n\n\n\n<p>La Comisi\u00f3n de Salud P\u00fablica, en la que se encuentran representadas todas las Comunidades Aut\u00f3nomas, acord\u00f3 que las primeras dosis de AstraZeneca que lleguen al pa\u00eds se destinar\u00e1n a los profesionales sanitarios y sociosanitarios que no son de primera l\u00ednea.<\/p>\n\n\n\n<p>La Comisi\u00f3n aplazaba hasta hoy, tras una nueva reuni\u00f3n que tendr\u00e1 lugar a las 16:15 horas (local), la decisi\u00f3n sobre la aplicaci\u00f3n del f\u00e1rmaco a los mayores de 65 a\u00f1os, aunque las filtraciones apuntan a que seguir\u00e1n la misma l\u00ednea que Alemania, que ya ha anunciado que no la utilizar\u00e1 para esa franja de edad.<\/p>\n\n\n\n<p><strong>Falta de evidencia cient\u00edfica<\/strong><\/p>\n\n\n\n<p>El motivo es la falta de evidencia cient\u00edfica en mayores en los ensayos cl\u00ednicos realizados por la farmac\u00e9utica, seg\u00fan apuntaba el pasado lunes el director del Centro de Coordinaci\u00f3n de Alertas y Emergencias Sanitarias (CCAES), Fernando Sim\u00f3n.<\/p>\n\n\n\n<figure class=\"wp-block-image\"><img decoding=\"async\" src=\"https:\/\/cdni.rt.com\/actualidad\/public_images\/2021.01\/thumbnail\/6013fa6259bf5b4bee25f8ec.JPG\" alt=\"La UE publica su contrato con AstraZeneca: la informaci\u00f3n m\u00e1s relevante (y lo que oculta)\"\/><\/figure>\n\n\n\n<p>\u00abLos ensayos cl\u00ednicos no se han realizado en personas mayores de aproximadamente 55 a\u00f1os, por lo que es muy posible que al no tener evidencia de efectos secundarios y eficacia en estos grupos se recomiende para grupos m\u00e1s j\u00f3venes que s\u00ed han formado parte de estos ensayos\u00bb, detallaba Sim\u00f3n, que abogaba por ser prudente en estas circunstancias.<\/p>\n\n\n\n<p><strong>4 millones de dosis en febrero<\/strong><\/p>\n\n\n\n<p>Est\u00e1 previsto que este mes de febrero lleguen a Espa\u00f1a\u00a01.810.575 dosis de la vacuna de AstraZeneca, las primeras de ellas este mismo fin de semana. En total, el pa\u00eds recibir\u00e1 este mes alrededor de cuatro millones de dosis de los tres f\u00e1rmacos que han sido aprobados hasta la fecha por la Agencia Europea del Medicamento.<\/p>\n\n\n\n<p>As\u00ed, a las de AstraZeneca se sumar\u00e1n 1.779.579 dosis de la vacuna de Pfizer\u00a0y\u00a0hasta 412.000 dosis del suero de Moderna. La previsi\u00f3n del Gobierno es que a finales de junio alrededor del 70 % de la poblaci\u00f3n espa\u00f1ola (aproximadamente 33 millones de personas) est\u00e9 inmunizada.<\/p>\n\n\n\n<p>Actualmente, el pa\u00eds sufre una incidencia acumulada de 783 casos por cada 100.000 habitantes en los \u00faltimos 14 d\u00edas, que se encuentra en descenso, y ha notificado 30.000 nuevos positivos en las \u00faltimas 24 horas, hasta rozar los 3 millones de contagios desde que se inici\u00f3 la pandemia.\u00a0<\/p>\n\n\n\n<p><strong>RTNoticias.com<\/strong><\/p>\n","protected":false},"excerpt":{"rendered":"<p>Espa\u00f1a ha descartado la administraci\u00f3n de la vacuna contra el SARS-CoV-2 desarrollada por AstraZeneca y la Universidad de Oxford a los mayores de 65 a\u00f1os, seg\u00fan apuntan medios como eldiario.es de fuentes cercanas al plan de vacunaci\u00f3n. Hasta ahora ya se hab\u00eda\u00a0decidido no inocularla a los mayores de 80 a\u00f1os, para quienes solo se contempla [&hellip;]<\/p>\n","protected":false},"author":2,"featured_media":190057,"comment_status":"closed","ping_status":"closed","sticky":false,"template":"","format":"standard","meta":{"footnotes":""},"categories":[5,8],"tags":[],"class_list":{"0":"post-190055","1":"post","2":"type-post","3":"status-publish","4":"format-standard","5":"has-post-thumbnail","7":"category-destacado","8":"category-internacionales"},"_links":{"self":[{"href":"https:\/\/elluchador.info\/index.php?rest_route=\/wp\/v2\/posts\/190055","targetHints":{"allow":["GET"]}}],"collection":[{"href":"https:\/\/elluchador.info\/index.php?rest_route=\/wp\/v2\/posts"}],"about":[{"href":"https:\/\/elluchador.info\/index.php?rest_route=\/wp\/v2\/types\/post"}],"author":[{"embeddable":true,"href":"https:\/\/elluchador.info\/index.php?rest_route=\/wp\/v2\/users\/2"}],"replies":[{"embeddable":true,"href":"https:\/\/elluchador.info\/index.php?rest_route=%2Fwp%2Fv2%2Fcomments&post=190055"}],"version-history":[{"count":1,"href":"https:\/\/elluchador.info\/index.php?rest_route=\/wp\/v2\/posts\/190055\/revisions"}],"predecessor-version":[{"id":190058,"href":"https:\/\/elluchador.info\/index.php?rest_route=\/wp\/v2\/posts\/190055\/revisions\/190058"}],"wp:featuredmedia":[{"embeddable":true,"href":"https:\/\/elluchador.info\/index.php?rest_route=\/wp\/v2\/media\/190057"}],"wp:attachment":[{"href":"https:\/\/elluchador.info\/index.php?rest_route=%2Fwp%2Fv2%2Fmedia&parent=190055"}],"wp:term":[{"taxonomy":"category","embeddable":true,"href":"https:\/\/elluchador.info\/index.php?rest_route=%2Fwp%2Fv2%2Fcategories&post=190055"},{"taxonomy":"post_tag","embeddable":true,"href":"https:\/\/elluchador.info\/index.php?rest_route=%2Fwp%2Fv2%2Ftags&post=190055"}],"curies":[{"name":"wp","href":"https:\/\/api.w.org\/{rel}","templated":true}]}}