{"id":190086,"date":"2021-02-05T09:25:34","date_gmt":"2021-02-05T13:25:34","guid":{"rendered":"https:\/\/elluchador.info\/web\/?p=190086"},"modified":"2021-02-05T09:15:00","modified_gmt":"2021-02-05T13:15:00","slug":"en-puerto-cabello-hallaron-cadaveres-de-los-desaparecidos-durante-el-mar-de-leva","status":"publish","type":"post","link":"https:\/\/elluchador.info\/?p=190086","title":{"rendered":"En Puerto Cabello hallaron cad\u00e1veres de los desaparecidos durante el mar de leva"},"content":{"rendered":"\n<p>Rescatistas localizaron los cuerpos sin vida de los dos desaparecidos&nbsp;<strong>durante el mar de leva que se dio el domingo pasado en Puerto Cabello<\/strong>, estado Carabobo. Las dos v\u00edctimas estaban desaparecidas desde ese d\u00eda.<\/p>\n\n\n\n<p>El medio&nbsp;<em><a href=\"https:\/\/www.el-carabobeno.com\/localizado-el-cadaver-de-joven-desaparecido-en-puerto-cabello-durante-el-mar-de-leva\/\" target=\"_blank\" rel=\"noreferrer noopener\">El Carabobe\u00f1o<\/a><\/em>&nbsp;inform\u00f3 el mi\u00e9rcoles 3 de febrero que una comisi\u00f3n de los&nbsp;<strong>Bomberos Marinos localiz\u00f3 el cuerpo sin vida<\/strong>&nbsp;de uno de los dos j\u00f3venes desaparecidos. El cuerpo lo hallaron en las inmediaciones de Punta Negra, sector playa Mar Azul.<\/p>\n\n\n\n<p>El rescate del cad\u00e1ver se logr\u00f3 con el apoyo de embarcaciones de la zona en horas de la tarde del pasado mi\u00e9rcoles. Seguidamente iniciaron los protocolos para trasladarlo hasta la playa Ga\u00f1ango. Una vez all\u00ed, el hermano de la v\u00edctima identific\u00f3 el cuerpo. El joven se llamaba\u00a0<strong>Alejandro Jos\u00e9 Hern\u00e1ndez y ten\u00eda 20 a\u00f1os de edad.<\/strong><\/p>\n\n\n\n<p>Durante el mar de leva del domingo en Puerto Cabello tambi\u00e9n desapareci\u00f3 otro joven,\u00a0<strong>Miguel Parra,<\/strong>\u00a0quien, de acuerdo con informaciones preliminares, resid\u00eda en Naguanagua. El jueves 4 de febrero los rescatistas lograron dar con su cuerpo luego de continuar las misiones de b\u00fasqueda.<\/p>\n\n\n\n<p>En im\u00e1genes compartidas en Twitter se observa a los bomberos trasladar el cuerpo del segundo joven desaparecido.<\/p>\n\n\n\n<figure class=\"wp-block-embed-twitter wp-block-embed is-type-rich is-provider-twitter\"><div class=\"wp-block-embed__wrapper\">\nhttps:\/\/twitter.com\/darwinalvarez75\/status\/1357132402481594370\n<\/div><\/figure>\n\n\n\n<figure class=\"wp-block-embed-twitter wp-block-embed is-type-rich is-provider-twitter\"><div class=\"wp-block-embed__wrapper\">\n<blockquote class=\"twitter-tweet\" data-width=\"550\" data-dnt=\"true\"><p lang=\"es\" dir=\"ltr\">Rescatistas localizaron finalmente, los cuerpos sin vida de los dos desaparecidos durante el mar de leva que se dio el domingo pasado en Puerto Cabello, estado Carabobo. Las dos v\u00edctimas estaban desaparecidas desde el pasado domingo. <a href=\"https:\/\/t.co\/xAQq9uuyGC\">pic.twitter.com\/xAQq9uuyGC<\/a><\/p>&mdash; Cr\u00f3nicaPolicial (@CronicaPolicial) <a href=\"https:\/\/twitter.com\/CronicaPolicial\/status\/1357646122244833280?ref_src=twsrc%5Etfw\">February 5, 2021<\/a><\/blockquote><script async src=\"https:\/\/platform.twitter.com\/widgets.js\" charset=\"utf-8\"><\/script>\n<\/div><\/figure>\n\n\n\n<p><strong>El Nacional<\/strong><\/p>\n","protected":false},"excerpt":{"rendered":"<p>Rescatistas localizaron los cuerpos sin vida de los dos desaparecidos&nbsp;durante el mar de leva que se dio el domingo pasado en Puerto Cabello, estado Carabobo. Las dos v\u00edctimas estaban desaparecidas desde ese d\u00eda. El medio&nbsp;El Carabobe\u00f1o&nbsp;inform\u00f3 el mi\u00e9rcoles 3 de febrero que una comisi\u00f3n de los&nbsp;Bomberos Marinos localiz\u00f3 el cuerpo sin vida&nbsp;de uno de los [&hellip;]<\/p>\n","protected":false},"author":2,"featured_media":190089,"comment_status":"closed","ping_status":"closed","sticky":false,"template":"","format":"standard","meta":{"footnotes":""},"categories":[13],"tags":[],"class_list":{"0":"post-190086","1":"post","2":"type-post","3":"status-publish","4":"format-standard","5":"has-post-thumbnail","7":"category-sucesos"},"_links":{"self":[{"href":"https:\/\/elluchador.info\/index.php?rest_route=\/wp\/v2\/posts\/190086","targetHints":{"allow":["GET"]}}],"collection":[{"href":"https:\/\/elluchador.info\/index.php?rest_route=\/wp\/v2\/posts"}],"about":[{"href":"https:\/\/elluchador.info\/index.php?rest_route=\/wp\/v2\/types\/post"}],"author":[{"embeddable":true,"href":"https:\/\/elluchador.info\/index.php?rest_route=\/wp\/v2\/users\/2"}],"replies":[{"embeddable":true,"href":"https:\/\/elluchador.info\/index.php?rest_route=%2Fwp%2Fv2%2Fcomments&post=190086"}],"version-history":[{"count":1,"href":"https:\/\/elluchador.info\/index.php?rest_route=\/wp\/v2\/posts\/190086\/revisions"}],"predecessor-version":[{"id":190091,"href":"https:\/\/elluchador.info\/index.php?rest_route=\/wp\/v2\/posts\/190086\/revisions\/190091"}],"wp:featuredmedia":[{"embeddable":true,"href":"https:\/\/elluchador.info\/index.php?rest_route=\/wp\/v2\/media\/190089"}],"wp:attachment":[{"href":"https:\/\/elluchador.info\/index.php?rest_route=%2Fwp%2Fv2%2Fmedia&parent=190086"}],"wp:term":[{"taxonomy":"category","embeddable":true,"href":"https:\/\/elluchador.info\/index.php?rest_route=%2Fwp%2Fv2%2Fcategories&post=190086"},{"taxonomy":"post_tag","embeddable":true,"href":"https:\/\/elluchador.info\/index.php?rest_route=%2Fwp%2Fv2%2Ftags&post=190086"}],"curies":[{"name":"wp","href":"https:\/\/api.w.org\/{rel}","templated":true}]}}