{"id":190115,"date":"2021-02-05T13:23:50","date_gmt":"2021-02-05T17:23:50","guid":{"rendered":"https:\/\/elluchador.info\/web\/?p=190115"},"modified":"2021-02-05T13:18:11","modified_gmt":"2021-02-05T17:18:11","slug":"dos-detenidos-en-caso-del-asesinato-de-presentador-de-television-en-ecuador","status":"publish","type":"post","link":"https:\/\/elluchador.info\/?p=190115","title":{"rendered":"Dos detenidos en caso del asesinato de presentador de televisi\u00f3n en Ecuador"},"content":{"rendered":"\n<p>Dos personas fueron detenidas esta madrugada en Ecuador dentro de las investigaciones del asesinato del presentador de televisi\u00f3n Efra\u00edn Ruales, ocurrido en enero pasado.<\/p>\n\n\n\n<p>\u00abEsta madrugada, la Polic\u00eda y Fiscal\u00eda detienen a dos personas relacionadas con el asesinato de Efra\u00edn Ruales, procedimiento en desarrollo\u00bb, escribi\u00f3 en su cuenta de Twitter el ministro de Gobierno, Patricio Pazmi\u00f1o.<\/p>\n\n\n\n<p>La Polic\u00eda anot\u00f3 en su perfil de la misma red social que \u00abdando una respuesta a la investigaci\u00f3n con el apoyo de Fiscal\u00eda, ejecut\u00f3 dos allanamientos en Guayaquil, detuvimos a 2 sospechosos relacionados con la investigaci\u00f3n por el asesinato de Efra\u00edn R., incautamos varios indicios asociativos al hecho\u00bb<\/p>\n\n\n\n<p>En la red social, la Polic\u00eda colg\u00f3 dos fotograf\u00edas de los detenidos para investigaciones con los rostros difuminados, como establecen las leyes en Ecuador.<\/p>\n\n\n\n<p>Patricio Carrillo, comandante general de la Polic\u00eda, public\u00f3: \u00abUn trabajo t\u00e9cnico-profesional de Polic\u00eda y Fiscal\u00eda para evitar impunidad\u00bb.<\/p>\n\n\n\n<p>\u00abLa coordinaci\u00f3n interinstitucional efectiva en la investigaci\u00f3n del asesinato de Efra\u00edn R, entrega indicios ciertos y correlaciona eventos con dos sujetos hoy detenidos y la autor\u00eda material del hecho\u00bb, se\u00f1al\u00f3 en su perfil de Twitter.<\/p>\n\n\n\n<p>El pasado 28 de enero, la Sociedad Interamericana de Prensa (SIP) pidi\u00f3 al Gobierno de Ecuador que investigue de manera expedita el asesinato del presentador de televisi\u00f3n.<\/p>\n\n\n\n<p><strong>Uni\u00f3nRadio.com<\/strong><\/p>\n","protected":false},"excerpt":{"rendered":"<p>Dos personas fueron detenidas esta madrugada en Ecuador dentro de las investigaciones del asesinato del presentador de televisi\u00f3n Efra\u00edn Ruales, ocurrido en enero pasado. \u00abEsta madrugada, la Polic\u00eda y Fiscal\u00eda detienen a dos personas relacionadas con el asesinato de Efra\u00edn Ruales, procedimiento en desarrollo\u00bb, escribi\u00f3 en su cuenta de Twitter el ministro de Gobierno, Patricio [&hellip;]<\/p>\n","protected":false},"author":2,"featured_media":190117,"comment_status":"closed","ping_status":"closed","sticky":false,"template":"","format":"standard","meta":{"footnotes":""},"categories":[5,8],"tags":[],"class_list":{"0":"post-190115","1":"post","2":"type-post","3":"status-publish","4":"format-standard","5":"has-post-thumbnail","7":"category-destacado","8":"category-internacionales"},"_links":{"self":[{"href":"https:\/\/elluchador.info\/index.php?rest_route=\/wp\/v2\/posts\/190115","targetHints":{"allow":["GET"]}}],"collection":[{"href":"https:\/\/elluchador.info\/index.php?rest_route=\/wp\/v2\/posts"}],"about":[{"href":"https:\/\/elluchador.info\/index.php?rest_route=\/wp\/v2\/types\/post"}],"author":[{"embeddable":true,"href":"https:\/\/elluchador.info\/index.php?rest_route=\/wp\/v2\/users\/2"}],"replies":[{"embeddable":true,"href":"https:\/\/elluchador.info\/index.php?rest_route=%2Fwp%2Fv2%2Fcomments&post=190115"}],"version-history":[{"count":1,"href":"https:\/\/elluchador.info\/index.php?rest_route=\/wp\/v2\/posts\/190115\/revisions"}],"predecessor-version":[{"id":190118,"href":"https:\/\/elluchador.info\/index.php?rest_route=\/wp\/v2\/posts\/190115\/revisions\/190118"}],"wp:featuredmedia":[{"embeddable":true,"href":"https:\/\/elluchador.info\/index.php?rest_route=\/wp\/v2\/media\/190117"}],"wp:attachment":[{"href":"https:\/\/elluchador.info\/index.php?rest_route=%2Fwp%2Fv2%2Fmedia&parent=190115"}],"wp:term":[{"taxonomy":"category","embeddable":true,"href":"https:\/\/elluchador.info\/index.php?rest_route=%2Fwp%2Fv2%2Fcategories&post=190115"},{"taxonomy":"post_tag","embeddable":true,"href":"https:\/\/elluchador.info\/index.php?rest_route=%2Fwp%2Fv2%2Ftags&post=190115"}],"curies":[{"name":"wp","href":"https:\/\/api.w.org\/{rel}","templated":true}]}}