{"id":190128,"date":"2021-02-05T14:20:59","date_gmt":"2021-02-05T18:20:59","guid":{"rendered":"https:\/\/elluchador.info\/web\/?p=190128"},"modified":"2021-02-05T14:13:38","modified_gmt":"2021-02-05T18:13:38","slug":"trump-se-niega-a-testificar-en-su-juicio-politico","status":"publish","type":"post","link":"https:\/\/elluchador.info\/?p=190128","title":{"rendered":"Trump se niega a testificar en su juicio pol\u00edtico"},"content":{"rendered":"\n<p>El expresidente estadounidense Donald Trump anunci\u00f3  que no testificar\u00e1 en el juicio pol\u00edtico que enfrenta bajo la acusaci\u00f3n de \u00abincitar a la insurrecci\u00f3n\u00bb por el asalto al Capitolio el pasado 6 de enero, y calific\u00f3 el procedimiento de \u00abinconstitucional\u00bb.<\/p>\n\n\n\n<p>Las declaraciones las trajo el jueves su portavoz, Jason Miller quien dijo en ese sentido: \u00abEl presidente no testificar\u00e1 en un procedimiento inconstitucional\u00bb, afirm\u00f3 poco despu\u00e9s de que la defensa del exgobernante calificara el proceso de \u00abmaniobra de relaciones p\u00fablicas\u00bb de los dem\u00f3cratas.<\/p>\n\n\n\n<p>Trump, quien dej\u00f3 la Casa Blanca el pasado 20 de enero, respondi\u00f3 as\u00ed a una solicitud formal que le hizo el legislador dem\u00f3crata Jamie Raskin, jefe de los \u00abfiscales\u00bb del juicio pol\u00edtico, para que testificase bajo juramento antes o durante el proceso en el Senado.<\/p>\n\n\n\n<p>Raskin hizo el pedido en un carta, publicada en su p\u00e1gina web, la cual envi\u00f3 a los abogados de Trump, dos d\u00edas despu\u00e9s de que el equipo legal del exmandatario presentara una serie de documentos ante el Senado en los cuales refutaba algunas de las alegaciones lanzadas por los nueve legisladores dem\u00f3cratas que har\u00e1n de \u00abfiscales\u00bb en el juicio pol\u00edtico.<\/p>\n\n\n\n<p>\u00abA la luz de su desacuerdo con esas alegaciones factuales, le escribo para invitarle a proporcionar testimonio bajo juramento, bien antes o durante el juicio pol\u00edtico en el Senado, respecto a su conducta el 6 de enero de 2021\u00bb, dijo Raskin a Trump en la misiva.<\/p>\n\n\n\n<p>Dado que el \u00abimpeachment\u00bb, como se denomina en ingl\u00e9s este juicio pol\u00edtico, se iniciar\u00e1 el martes, el \u00abfiscal\u00bb jefe recomend\u00f3 al expresidente que ofrezca su testimonio a partir del pr\u00f3ximo lunes y \u00abno m\u00e1s tarde\u00bb del jueves 11 de febrero.<\/p>\n\n\n\n<p>\u00abSi usted declina esta invitaci\u00f3n, nos reservaremos todos los derechos, incluido el derecho a establecer en el juicio que su negativa a testificar respalda una fuerte deducci\u00f3n adversa respecto a sus acciones (e inacci\u00f3n) el 6 de enero de 2021\u00bb, advirti\u00f3 el legislador, quien dio de plazo a Trump hasta este viernes a las 17H00 local (22H00 UTC) para responder a la petici\u00f3n.<\/p>\n\n\n\n<p>Pese a esta advertencia, los \u00abfiscales\u00bb del juicio pol\u00edtico no tienen una autoridad independiente para citar a Donald Trump a\u00a0declarar si este se niega a hacerlo. En el anterior proceso contra \u00e9l, cuando todav\u00eda era mandatario, el ahora expresidente tampoco declar\u00f3.\u00a0<\/p>\n\n\n\n<p><strong>YVKMundial.com<\/strong><\/p>\n","protected":false},"excerpt":{"rendered":"<p>El expresidente estadounidense Donald Trump anunci\u00f3 que no testificar\u00e1 en el juicio pol\u00edtico que enfrenta bajo la acusaci\u00f3n de \u00abincitar a la insurrecci\u00f3n\u00bb por el asalto al Capitolio el pasado 6 de enero, y calific\u00f3 el procedimiento de \u00abinconstitucional\u00bb. Las declaraciones las trajo el jueves su portavoz, Jason Miller quien dijo en ese sentido: \u00abEl [&hellip;]<\/p>\n","protected":false},"author":2,"featured_media":190129,"comment_status":"closed","ping_status":"closed","sticky":false,"template":"","format":"standard","meta":{"footnotes":""},"categories":[5,8],"tags":[],"class_list":{"0":"post-190128","1":"post","2":"type-post","3":"status-publish","4":"format-standard","5":"has-post-thumbnail","7":"category-destacado","8":"category-internacionales"},"_links":{"self":[{"href":"https:\/\/elluchador.info\/index.php?rest_route=\/wp\/v2\/posts\/190128","targetHints":{"allow":["GET"]}}],"collection":[{"href":"https:\/\/elluchador.info\/index.php?rest_route=\/wp\/v2\/posts"}],"about":[{"href":"https:\/\/elluchador.info\/index.php?rest_route=\/wp\/v2\/types\/post"}],"author":[{"embeddable":true,"href":"https:\/\/elluchador.info\/index.php?rest_route=\/wp\/v2\/users\/2"}],"replies":[{"embeddable":true,"href":"https:\/\/elluchador.info\/index.php?rest_route=%2Fwp%2Fv2%2Fcomments&post=190128"}],"version-history":[{"count":1,"href":"https:\/\/elluchador.info\/index.php?rest_route=\/wp\/v2\/posts\/190128\/revisions"}],"predecessor-version":[{"id":190130,"href":"https:\/\/elluchador.info\/index.php?rest_route=\/wp\/v2\/posts\/190128\/revisions\/190130"}],"wp:featuredmedia":[{"embeddable":true,"href":"https:\/\/elluchador.info\/index.php?rest_route=\/wp\/v2\/media\/190129"}],"wp:attachment":[{"href":"https:\/\/elluchador.info\/index.php?rest_route=%2Fwp%2Fv2%2Fmedia&parent=190128"}],"wp:term":[{"taxonomy":"category","embeddable":true,"href":"https:\/\/elluchador.info\/index.php?rest_route=%2Fwp%2Fv2%2Fcategories&post=190128"},{"taxonomy":"post_tag","embeddable":true,"href":"https:\/\/elluchador.info\/index.php?rest_route=%2Fwp%2Fv2%2Ftags&post=190128"}],"curies":[{"name":"wp","href":"https:\/\/api.w.org\/{rel}","templated":true}]}}