{"id":190135,"date":"2021-02-05T15:03:55","date_gmt":"2021-02-05T19:03:55","guid":{"rendered":"https:\/\/elluchador.info\/web\/?p=190135"},"modified":"2021-02-05T14:53:31","modified_gmt":"2021-02-05T18:53:31","slug":"secretaria-de-ambiente-minec-bolivar-y-cvg-crearan-programas-ecosociales","status":"publish","type":"post","link":"https:\/\/elluchador.info\/?p=190135","title":{"rendered":"Secretar\u00eda de Ambiente, Minec Bol\u00edvar y CVG crear\u00e1n programas ecosociales"},"content":{"rendered":"\n<p>Programaci\u00f3n de nuevos proyectos para la protecci\u00f3n del medio ambiente y propuestas de actividades de educaci\u00f3n ambiental para las empresas b\u00e1sicas de Ciudad Guayana, fueron los temas centrales de la reuni\u00f3n sostenida entre el secretario de Ambiente regional y director del Ministerio del poder popular para el Ecosocialismo en Bol\u00edvar (Minec Bol\u00edvar), Jessiel Gasc\u00f3n, Bonavelli Cohen, jefa de parques de la Gobernaci\u00f3n del estado Bol\u00edvar, equipos de CVG Bauxilum,&nbsp;&nbsp;y el ingeniero Silvio Rodr\u00edguez, vicepresidente de Proyectos Especiales de la Corporaci\u00f3n Venezolana de Guayana (CVG).<\/p>\n\n\n\n<p>Gasc\u00f3n detall\u00f3 que es gesti\u00f3n del gobernador Justo Noguera Pietri, conservar y proteger el medio ambiente en el estado Bol\u00edvar, para cumplir con el quinto objetivo del Plan de la Patria, y que por esta raz\u00f3n, equipos de la Secretar\u00eda de Ambiente y Minec Bol\u00edvar, articulan esfuerzos con instituciones para unificar proyectos de educaci\u00f3n ambiental y ecosocial.&nbsp;<\/p>\n\n\n\n<p>Asegur\u00f3 que tanto el ministro del poder popular para el Ecosocialismo, Oswaldo Barbera, como el gobernador Justo Noguera Pietri, est\u00e1n enfocados en resguardar el medio ambiente de la regi\u00f3n, como una de las mayores riquezas que posee el estado Bol\u00edvar.<\/p>\n\n\n\n<p><strong>Educaci\u00f3n ecosocial<\/strong><\/p>\n\n\n\n<p>El secretario de Ambiente y director de Minec Bol\u00edvar explic\u00f3 que en esta reuni\u00f3n con CVG, en la que tambi\u00e9n participaron equipos de estas instituciones y CVG Bauxilum, acordaron la aplicaci\u00f3n de lo que han denominado educaci\u00f3n social y ambiental dentro de las empresas b\u00e1sicas de Guayana.<\/p>\n\n\n\n<p>\u201cHan dicho el ministro Barbera y el gobernador Justo Noguera Pietri, que lo m\u00e1s importante es la conciencia ciudadana para el cuidado de espacios, parques, plazas, \u00e1reas naturales y el ecosistema en general.<\/p>\n\n\n\n<p>En este sentido, es vital crear programas que permitan dentro de las empresas b\u00e1sicas, llevar la mayor informaci\u00f3n a los trabajadores, acerca de la importancia de la naturaleza y la biodiversidad para la vida\u201d. Resalt\u00f3 Gasc\u00f3n.<\/p>\n\n\n\n<p><strong>Prensa Minec Bol\u00edvar<\/strong><\/p>\n","protected":false},"excerpt":{"rendered":"<p>Programaci\u00f3n de nuevos proyectos para la protecci\u00f3n del medio ambiente y propuestas de actividades de educaci\u00f3n ambiental para las empresas b\u00e1sicas de Ciudad Guayana, fueron los temas centrales de la reuni\u00f3n sostenida entre el secretario de Ambiente regional y director del Ministerio del poder popular para el Ecosocialismo en Bol\u00edvar (Minec Bol\u00edvar), Jessiel Gasc\u00f3n, Bonavelli [&hellip;]<\/p>\n","protected":false},"author":2,"featured_media":190136,"comment_status":"closed","ping_status":"closed","sticky":false,"template":"","format":"standard","meta":{"footnotes":""},"categories":[5,12],"tags":[],"class_list":{"0":"post-190135","1":"post","2":"type-post","3":"status-publish","4":"format-standard","5":"has-post-thumbnail","7":"category-destacado","8":"category-regionales"},"_links":{"self":[{"href":"https:\/\/elluchador.info\/index.php?rest_route=\/wp\/v2\/posts\/190135","targetHints":{"allow":["GET"]}}],"collection":[{"href":"https:\/\/elluchador.info\/index.php?rest_route=\/wp\/v2\/posts"}],"about":[{"href":"https:\/\/elluchador.info\/index.php?rest_route=\/wp\/v2\/types\/post"}],"author":[{"embeddable":true,"href":"https:\/\/elluchador.info\/index.php?rest_route=\/wp\/v2\/users\/2"}],"replies":[{"embeddable":true,"href":"https:\/\/elluchador.info\/index.php?rest_route=%2Fwp%2Fv2%2Fcomments&post=190135"}],"version-history":[{"count":1,"href":"https:\/\/elluchador.info\/index.php?rest_route=\/wp\/v2\/posts\/190135\/revisions"}],"predecessor-version":[{"id":190137,"href":"https:\/\/elluchador.info\/index.php?rest_route=\/wp\/v2\/posts\/190135\/revisions\/190137"}],"wp:featuredmedia":[{"embeddable":true,"href":"https:\/\/elluchador.info\/index.php?rest_route=\/wp\/v2\/media\/190136"}],"wp:attachment":[{"href":"https:\/\/elluchador.info\/index.php?rest_route=%2Fwp%2Fv2%2Fmedia&parent=190135"}],"wp:term":[{"taxonomy":"category","embeddable":true,"href":"https:\/\/elluchador.info\/index.php?rest_route=%2Fwp%2Fv2%2Fcategories&post=190135"},{"taxonomy":"post_tag","embeddable":true,"href":"https:\/\/elluchador.info\/index.php?rest_route=%2Fwp%2Fv2%2Ftags&post=190135"}],"curies":[{"name":"wp","href":"https:\/\/api.w.org\/{rel}","templated":true}]}}