{"id":190194,"date":"2021-02-06T20:19:35","date_gmt":"2021-02-07T00:19:35","guid":{"rendered":"https:\/\/elluchador.info\/web\/?p=190194"},"modified":"2021-02-06T20:09:18","modified_gmt":"2021-02-07T00:09:18","slug":"el-salsero-ismael-miranda-fue-trasladado-nuevamente-a-cuidados-intensivos","status":"publish","type":"post","link":"https:\/\/elluchador.info\/?p=190194","title":{"rendered":"El Salsero Ismael Miranda fue trasladado nuevamente a cuidados intensivos"},"content":{"rendered":"\n<p>El veterano salsero puertorrique\u00f1o Ismael Miranda fue trasladado nuevamente a la Unidad de Cuidados Intensivos (UCI) de un hospital de San Juan, debido a que su oxigenaci\u00f3n y gases arteriales \u00abcomenzaron a cambiar\u00bb, como consecuencia de un derrame cerebral que sufri\u00f3 hace dos semanas.<\/p>\n\n\n\n<p>As\u00ed lo informaron este s\u00e1bado los familiares del m\u00fasico en un comunicado en la p\u00e1gina de Facebook del artista, en el que indican que despu\u00e9s de que Miranda \u00abhab\u00eda presentado una mejor\u00eda y fue trasladado a cuarto regular\u00bb, sufri\u00f3 dichos percances ayer, viernes, volviendo a UCI \u00abpara poder brindarle las atenciones necesarias\u00bb.<\/p>\n\n\n\n<p>\u00abEn este momento, como familia, solicitamos de todos ustedes que contin\u00faen orando por la salud de Ismael y pedir que Dios le d\u00e9 la sabidur\u00eda necesaria a los m\u00e9dicos para que le brinden el tratamiento necesario par su pronta mejor\u00eda y pueda salir del hospital, para poder tenerlo en casa y que pueda disfrutar con su familia, amigos y p\u00fablico que tanto lo ama\u00bb, expres\u00f3 la familia Miranda Battle.<\/p>\n\n\n\n<p>\u00abVer el amor de Dios traducido a trav\u00e9s de los amigos, facultativos de la medicina y fan\u00e1ticos de todo el mundo ha levantado nuestras manos\u00bb, agregaron los familiares del artista boricua.<\/p>\n\n\n\n<p>EFE<\/p>\n","protected":false},"excerpt":{"rendered":"<p>El veterano salsero puertorrique\u00f1o Ismael Miranda fue trasladado nuevamente a la Unidad de Cuidados Intensivos (UCI) de un hospital de San Juan, debido a que su oxigenaci\u00f3n y gases arteriales \u00abcomenzaron a cambiar\u00bb, como consecuencia de un derrame cerebral que sufri\u00f3 hace dos semanas. As\u00ed lo informaron este s\u00e1bado los familiares del m\u00fasico en un [&hellip;]<\/p>\n","protected":false},"author":2,"featured_media":190195,"comment_status":"closed","ping_status":"closed","sticky":false,"template":"","format":"standard","meta":{"footnotes":""},"categories":[7],"tags":[],"class_list":{"0":"post-190194","1":"post","2":"type-post","3":"status-publish","4":"format-standard","5":"has-post-thumbnail","7":"category-entretenimiento"},"_links":{"self":[{"href":"https:\/\/elluchador.info\/index.php?rest_route=\/wp\/v2\/posts\/190194","targetHints":{"allow":["GET"]}}],"collection":[{"href":"https:\/\/elluchador.info\/index.php?rest_route=\/wp\/v2\/posts"}],"about":[{"href":"https:\/\/elluchador.info\/index.php?rest_route=\/wp\/v2\/types\/post"}],"author":[{"embeddable":true,"href":"https:\/\/elluchador.info\/index.php?rest_route=\/wp\/v2\/users\/2"}],"replies":[{"embeddable":true,"href":"https:\/\/elluchador.info\/index.php?rest_route=%2Fwp%2Fv2%2Fcomments&post=190194"}],"version-history":[{"count":1,"href":"https:\/\/elluchador.info\/index.php?rest_route=\/wp\/v2\/posts\/190194\/revisions"}],"predecessor-version":[{"id":190196,"href":"https:\/\/elluchador.info\/index.php?rest_route=\/wp\/v2\/posts\/190194\/revisions\/190196"}],"wp:featuredmedia":[{"embeddable":true,"href":"https:\/\/elluchador.info\/index.php?rest_route=\/wp\/v2\/media\/190195"}],"wp:attachment":[{"href":"https:\/\/elluchador.info\/index.php?rest_route=%2Fwp%2Fv2%2Fmedia&parent=190194"}],"wp:term":[{"taxonomy":"category","embeddable":true,"href":"https:\/\/elluchador.info\/index.php?rest_route=%2Fwp%2Fv2%2Fcategories&post=190194"},{"taxonomy":"post_tag","embeddable":true,"href":"https:\/\/elluchador.info\/index.php?rest_route=%2Fwp%2Fv2%2Ftags&post=190194"}],"curies":[{"name":"wp","href":"https:\/\/api.w.org\/{rel}","templated":true}]}}