{"id":190197,"date":"2021-02-06T20:47:36","date_gmt":"2021-02-07T00:47:36","guid":{"rendered":"https:\/\/elluchador.info\/web\/?p=190197"},"modified":"2021-02-06T21:04:25","modified_gmt":"2021-02-07T01:04:25","slug":"enfrentamiento-entre-militares-venezolanos-y-farc-dejo-6-muertos-en-amazonas","status":"publish","type":"post","link":"https:\/\/elluchador.info\/?p=190197","title":{"rendered":"Enfrentamiento entre militares venezolanos y c\u00e9lula FARC dej\u00f3 6 muertos en Amazonas"},"content":{"rendered":"\n<p>\u201cEs una operaci\u00f3n militar que comenz\u00f3 esta semana. Se inscribe dentro de la operaci\u00f3n Escudo Bolivariano, pero tiene una orden fragmentaria que trabaja para desarrollar actividades de rastreo de grupos irregulares en esa zona\u201d, comenta Mayorca.<\/p>\n\n\n\n<p>Un enfrentamiento entre militares venezolanos y una presunta c\u00e9lula de las nuevas FARC en el sur de Venezuela, dej\u00f3 el viernes al menos seis fallecidos en Puerto Ayacucho, estado Amazonas.<\/p>\n\n\n\n<p> La situaci\u00f3n fue parte de la puesta en marcha de la Operaci\u00f3n Escudo Bolivariano implementado por el gobierno  para rastrear grupos irregulares<\/p>\n\n\n\n<p>El periodista especializado en la fuente de sucesos, Javier Ignacio Mayorca dijo que se trata de una operaci\u00f3n militar que est\u00e1 en desarrollo, por lo que la cifra de muertos puede ser mayor, rese\u00f1a El Cooperante.<\/p>\n\n\n\n<p>Soldados de la 52 brigada de infanter\u00eda de selva del Ej\u00e9rcito sostuvieron el intercambio de disparos en el sector El Cuero de Agua Linda, al norte de la capital de Amazonas.&nbsp;<\/p>\n\n\n\n<p>Los fallecidos a\u00fan no han sido identificados, pero se presume que las bajas son de la FANB ya que uno de los soldados abandon\u00f3 una ametralladora AFAG.<\/p>\n\n\n\n<p>No obstante, especialistas en el \u00e1rea militar afirman que la actuaci\u00f3n de las FARC y el ELN en varias zonas de Venezuela se ha dado con mirada complaciente del gobierno. A\u00fan no hay detalles de esta operaci\u00f3n ni detalles sobre los soldados venezolanos ca\u00eddos.<\/p>\n\n\n\n<p>En la operaci\u00f3n participaron 92 funcionarios militares, incluyendo al G\/B Juan Carlos Ter\u00e1n Hern\u00e1ndez, comandante de la 52 Brigada de Infanter\u00eda de Selva, acompa\u00f1ado por tres oficiales superiores, ocho oficiales subalternos, 50 tropas profesionales y 30 tropas alistadas, rese\u00f1\u00f3 una minuta policial que comparti\u00f3 Mayorca.<\/p>\n\n\n\n<p>Un equipo de El Radar Informativo se traslad\u00f3 a la morgue del Hospital Dr. Jos\u00e9 Gregorio Hern\u00e1ndez en Amazonas y verific\u00f3 que hasta el viernes no hab\u00eda ingresado ning\u00fan cuerpo proveniente del sitio de los sucesos.<\/p>\n\n\n\n<p>Desde las comunidades aleda\u00f1as, los habitantes notificaron sobre las detonaciones y dicen que en las \u00faltimas dos semanas ha existido un fuerte movimiento militar hacia el eje carretero norte.<\/p>\n\n\n\n<p>El Impulso <\/p>\n\n\n\n<p><\/p>\n","protected":false},"excerpt":{"rendered":"<p>\u201cEs una operaci\u00f3n militar que comenz\u00f3 esta semana. Se inscribe dentro de la operaci\u00f3n Escudo Bolivariano, pero tiene una orden fragmentaria que trabaja para desarrollar actividades de rastreo de grupos irregulares en esa zona\u201d, comenta Mayorca. Un enfrentamiento entre militares venezolanos y una presunta c\u00e9lula de las nuevas FARC en el sur de Venezuela, dej\u00f3 [&hellip;]<\/p>\n","protected":false},"author":2,"featured_media":190198,"comment_status":"closed","ping_status":"closed","sticky":false,"template":"","format":"standard","meta":{"footnotes":""},"categories":[5,9,13],"tags":[],"class_list":{"0":"post-190197","1":"post","2":"type-post","3":"status-publish","4":"format-standard","5":"has-post-thumbnail","7":"category-destacado","8":"category-nacionales","9":"category-sucesos"},"_links":{"self":[{"href":"https:\/\/elluchador.info\/index.php?rest_route=\/wp\/v2\/posts\/190197","targetHints":{"allow":["GET"]}}],"collection":[{"href":"https:\/\/elluchador.info\/index.php?rest_route=\/wp\/v2\/posts"}],"about":[{"href":"https:\/\/elluchador.info\/index.php?rest_route=\/wp\/v2\/types\/post"}],"author":[{"embeddable":true,"href":"https:\/\/elluchador.info\/index.php?rest_route=\/wp\/v2\/users\/2"}],"replies":[{"embeddable":true,"href":"https:\/\/elluchador.info\/index.php?rest_route=%2Fwp%2Fv2%2Fcomments&post=190197"}],"version-history":[{"count":2,"href":"https:\/\/elluchador.info\/index.php?rest_route=\/wp\/v2\/posts\/190197\/revisions"}],"predecessor-version":[{"id":190201,"href":"https:\/\/elluchador.info\/index.php?rest_route=\/wp\/v2\/posts\/190197\/revisions\/190201"}],"wp:featuredmedia":[{"embeddable":true,"href":"https:\/\/elluchador.info\/index.php?rest_route=\/wp\/v2\/media\/190198"}],"wp:attachment":[{"href":"https:\/\/elluchador.info\/index.php?rest_route=%2Fwp%2Fv2%2Fmedia&parent=190197"}],"wp:term":[{"taxonomy":"category","embeddable":true,"href":"https:\/\/elluchador.info\/index.php?rest_route=%2Fwp%2Fv2%2Fcategories&post=190197"},{"taxonomy":"post_tag","embeddable":true,"href":"https:\/\/elluchador.info\/index.php?rest_route=%2Fwp%2Fv2%2Ftags&post=190197"}],"curies":[{"name":"wp","href":"https:\/\/api.w.org\/{rel}","templated":true}]}}