{"id":190731,"date":"2021-02-13T23:30:22","date_gmt":"2021-02-14T03:30:22","guid":{"rendered":"https:\/\/elluchador.info\/web\/?p=190731"},"modified":"2021-02-13T22:55:35","modified_gmt":"2021-02-14T02:55:35","slug":"sagasti-confirmo-la-renuncia-de-la-quinta-ministra-de-salud-de-peru","status":"publish","type":"post","link":"https:\/\/elluchador.info\/?p=190731","title":{"rendered":"Sagasti confirm\u00f3 la renuncia de la quinta ministra de Salud de Per\u00fa"},"content":{"rendered":"\n<p>El presidente de Per\u00fa, Francisco Sagasti, confirm\u00f3 la renuncia de la quinta ministra de Salud en lo que va de pandemia, la neur\u00f3loga Pilar Mazzeti, y anunci\u00f3 que ser\u00e1 reemplazada por Oscar Ugarte, quien ocup\u00f3 el mismo cargo en 2008 y ha sido asesor en las labores del actual combate del covid-19.<\/p>\n\n\n\n<p>El jefe de Estado confirm\u00f3 que Mazzetti present\u00f3 su renuncia el viernes por la noche y agreg\u00f3 que el \u00faltimo cuestionamiento que ha hecho el Congreso a su gesti\u00f3n \u00abpuede haber sido la gota que rebas\u00f3 el vaso\u00bb y que est\u00e1 cansada de un \u00abmaltrato cont\u00ednuo\u00bb de un sector del Parlamento.<\/p>\n\n\n\n<p>El pleno del Congreso llam\u00f3 a Mazzetti al pleno, de urgencia, para pedirle explicaciones sobre la vacunaci\u00f3n del expresidente Mart\u00edn Vizcarra, con la vacuna experimental de Sinopharm en octubre pasado, cuando se encontraba en la etapa de pruebas en el pa\u00eds.<\/p>\n\n\n\n<p>\u00abLa ministra Mazzetti ha hecho un esfuerzo extraordinario, he visto lo agotada y cansada que est\u00e1, y lo injusto que ha sido el tratamiento que ha recibido\u00bb, dijo Sagasti en entrevista con RPP Noticias.<\/p>\n\n\n\n<p>El mandatario remarc\u00f3 que \u00aben un momento tan cr\u00edtico, no puede tratarse a los ministros de esta manera. Debemos pasar a otra forma de hacer pol\u00edtica, ser constructivos\u00bb.<\/p>\n\n\n\n<p>EFE<\/p>\n","protected":false},"excerpt":{"rendered":"<p>El presidente de Per\u00fa, Francisco Sagasti, confirm\u00f3 la renuncia de la quinta ministra de Salud en lo que va de pandemia, la neur\u00f3loga Pilar Mazzeti, y anunci\u00f3 que ser\u00e1 reemplazada por Oscar Ugarte, quien ocup\u00f3 el mismo cargo en 2008 y ha sido asesor en las labores del actual combate del covid-19. El jefe de [&hellip;]<\/p>\n","protected":false},"author":2,"featured_media":190732,"comment_status":"closed","ping_status":"closed","sticky":false,"template":"","format":"standard","meta":{"footnotes":""},"categories":[5,8],"tags":[],"class_list":{"0":"post-190731","1":"post","2":"type-post","3":"status-publish","4":"format-standard","5":"has-post-thumbnail","7":"category-destacado","8":"category-internacionales"},"_links":{"self":[{"href":"https:\/\/elluchador.info\/index.php?rest_route=\/wp\/v2\/posts\/190731","targetHints":{"allow":["GET"]}}],"collection":[{"href":"https:\/\/elluchador.info\/index.php?rest_route=\/wp\/v2\/posts"}],"about":[{"href":"https:\/\/elluchador.info\/index.php?rest_route=\/wp\/v2\/types\/post"}],"author":[{"embeddable":true,"href":"https:\/\/elluchador.info\/index.php?rest_route=\/wp\/v2\/users\/2"}],"replies":[{"embeddable":true,"href":"https:\/\/elluchador.info\/index.php?rest_route=%2Fwp%2Fv2%2Fcomments&post=190731"}],"version-history":[{"count":1,"href":"https:\/\/elluchador.info\/index.php?rest_route=\/wp\/v2\/posts\/190731\/revisions"}],"predecessor-version":[{"id":190733,"href":"https:\/\/elluchador.info\/index.php?rest_route=\/wp\/v2\/posts\/190731\/revisions\/190733"}],"wp:featuredmedia":[{"embeddable":true,"href":"https:\/\/elluchador.info\/index.php?rest_route=\/wp\/v2\/media\/190732"}],"wp:attachment":[{"href":"https:\/\/elluchador.info\/index.php?rest_route=%2Fwp%2Fv2%2Fmedia&parent=190731"}],"wp:term":[{"taxonomy":"category","embeddable":true,"href":"https:\/\/elluchador.info\/index.php?rest_route=%2Fwp%2Fv2%2Fcategories&post=190731"},{"taxonomy":"post_tag","embeddable":true,"href":"https:\/\/elluchador.info\/index.php?rest_route=%2Fwp%2Fv2%2Ftags&post=190731"}],"curies":[{"name":"wp","href":"https:\/\/api.w.org\/{rel}","templated":true}]}}