{"id":191788,"date":"2021-02-27T20:13:55","date_gmt":"2021-02-28T00:13:55","guid":{"rendered":"https:\/\/elluchador.info\/web\/?p=191788"},"modified":"2021-02-27T20:06:48","modified_gmt":"2021-02-28T00:06:48","slug":"comando-unificado-ha-combatido-mas-de-15-incendios-forestales-en-bolivar-en-un-mes","status":"publish","type":"post","link":"https:\/\/elluchador.info\/?p=191788","title":{"rendered":"Comando Unificado ha combatido m\u00e1s de 15 incendios forestales en Bol\u00edvar en un mes"},"content":{"rendered":"\n<p>Desde su instauraci\u00f3n hace menos de un mes, organizaciones e instituciones que integran el Comando Unificado contra Incendios Forestales en el estado Bol\u00edvar, se han mantenido en combate en m\u00e1s de 15 llamadas de alerta por incendio de vegetaci\u00f3n en diferentes municipios de la entidad. El director del ministerio del poder popular para el Ecosocialismo regional (Minec Bol\u00edvar) y secretario de Ambiente de la Gobernaci\u00f3n del estado Bol\u00edvar, Jessiel Gasc\u00f3n, ofreci\u00f3 un balance de la actuaci\u00f3n<\/p>\n\n\n\n<p>Prensa Minec Bol\u00edvar<\/p>\n\n\n\n<p>Ciudad Guayana.- El pr\u00f3ximo 2 de marzo se cumple un mes de la instauraci\u00f3n del Comando Unificado contra Incendios Forestales en el estado Bol\u00edvar, organizaci\u00f3n que fue instalada en espacios del parque La Llovizna de Ciudad Guayana, por parte del secretario regional de gobierno, G\/D Edgar Delgado Merentes, en representaci\u00f3n del gobernador del estado Bol\u00edvar, Justo Noguera Pietri.<\/p>\n\n\n\n<p>En esta actividad tambi\u00e9n estuvo presente el director regional del Ministerio del poder popular para el Ecosocialismo y secretario de Ambiente de la Gobernaci\u00f3n del estado Bol\u00edvar, Jessiel Gasc\u00f3n, acompa\u00f1ado de uniformados de distintas instituciones encargadas de velar por el resguardo y protecci\u00f3n del medio ambiente.<\/p>\n\n\n\n<p>A casi un mes de su instalaci\u00f3n, Jessiel Gasc\u00f3n, ofreci\u00f3 un balance de la actuaci\u00f3n de los organismos que integran el Comando Unificado contra Incendios Forestales en el estado Bol\u00edvar.<\/p>\n\n\n\n<p>Dijo que de acuerdo a la informaci\u00f3n suministrada por el capit\u00e1n Guillermo Ortiz, jefe de Bomberos Forestales, en menos de un mes, han atendido m\u00e1s de 15 llamadas de alerta de incendios en diferentes municipios de la entidad, donde gracias a la acci\u00f3n inmediata, no ha habido v\u00edctimas fatales y se ha logrado el control total de todas las situaciones.<\/p>\n\n\n\n<p>Protecci\u00f3n del ambiente<\/p>\n\n\n\n<p>Destac\u00f3 que el Comando Unificado es una instrucci\u00f3n nacional, y que estas organizaciones se conformaron en todos los estados del pa\u00eds, para salvaguardar el ambiente y tratar de evitar al m\u00e1ximo escenarios de incendios forestales.<\/p>\n\n\n\n<p>Trabajamos por orden del ministro Oswaldo Barbera, quien articula esfuerzos con el gobernador del estado Bol\u00edvar, Justo Noguera Pietri, para preservar el medio ambiente y la especie humana, tarea establecida en el quinto objetivo del Plan de la Patria.<\/p>\n\n\n\n<p>Balance<\/p>\n\n\n\n<p>Por su parte, el capit\u00e1n de Bomberos Forestales, Guillermo Ortiz, destac\u00f3 que desde que se conform\u00f3 el Comando Unificado, diferentes organismos han actuado en m\u00e1s de 15 escenarios de incendios de vegetaci\u00f3n; entre los que cuentan; 10 combates y supresiones entre los municipios; Caron\u00ed y Gran Sabana, tres en el municipio Angostura del Orinoco y tres m\u00e1s en Angostura.<\/p>\n\n\n\n<p>Explic\u00f3 que de acuerdo al estudio hecho durante y despu\u00e9s de cada combate, estos incendios han sido provocados, debido a la hora que se registran y a las condiciones clim\u00e1ticas.<\/p>\n\n\n\n<p>\u201cEste viernes atendimos llamado de alerta en el municipio Gran Sabana, donde m\u00e1s de 25 hect\u00e1reas de vegetaci\u00f3n fueron afectadas por un incendio. Tuvimos la actuaci\u00f3n de funcionarios, veh\u00edculos, equipos y herramientas\u201d.<\/p>\n\n\n\n<p>Ortiz detall\u00f3 que recientemente tambi\u00e9n lograron controlar incendio de vegetaci\u00f3n en espacios del parque Cachamay en Ciudad Guayana, donde la afectaci\u00f3n fue de 100 metros y p\u00e9rdida de cuatro \u00e1rboles.<\/p>\n\n\n\n<p>\u201cEl pasado mi\u00e9rcoles el Comando Unificado contra Incendios Forestales se traslad\u00f3 hasta la Planta de Gas Chirica en San F\u00e9lix, municipio Caron\u00ed, para controlar un incendio de vegetaci\u00f3n que afect\u00f3 200 metros aproximadamente, y posteriormente, se activaron en la redoma El Dorado, donde tambi\u00e9n hubo un llamado de emergencia, que fue atendido por Bomberos Forestales e instituciones que integran el Comando\u201d.<\/p>\n\n\n\n<p>Llamado a la conciencia<\/p>\n\n\n\n<p>El director de Minec Bol\u00edvar y secretario de Ambiente de la Gobernaci\u00f3n del estado Bol\u00edvar, Jessiel Gasc\u00f3n, hizo un llamado de alerta y prevenci\u00f3n al pueblo bolivarense, para que sea garante de su bienestar ambiental y evite acciones que pudieran ocasionar incendios de vegetaci\u00f3n en cualquier espacio.<\/p>\n\n\n\n<p>Destac\u00f3 que en muchos casos los incendios forestales son causados por la acci\u00f3n de las personas, por esta raz\u00f3n, los llam\u00f3 a la prevenci\u00f3n y a la cultura ambiental, para evitar que se produzcan este tipo de situaciones, que pudieran desencadenar grandes da\u00f1os al ambiente e incluso a la vida.<\/p>\n","protected":false},"excerpt":{"rendered":"<p>Desde su instauraci\u00f3n hace menos de un mes, organizaciones e instituciones que integran el Comando Unificado contra Incendios Forestales en el estado Bol\u00edvar, se han mantenido en combate en m\u00e1s de 15 llamadas de alerta por incendio de vegetaci\u00f3n en diferentes municipios de la entidad. El director del ministerio del poder popular para el Ecosocialismo [&hellip;]<\/p>\n","protected":false},"author":2,"featured_media":191789,"comment_status":"closed","ping_status":"closed","sticky":false,"template":"","format":"standard","meta":{"footnotes":""},"categories":[5,12],"tags":[],"class_list":{"0":"post-191788","1":"post","2":"type-post","3":"status-publish","4":"format-standard","5":"has-post-thumbnail","7":"category-destacado","8":"category-regionales"},"_links":{"self":[{"href":"https:\/\/elluchador.info\/index.php?rest_route=\/wp\/v2\/posts\/191788","targetHints":{"allow":["GET"]}}],"collection":[{"href":"https:\/\/elluchador.info\/index.php?rest_route=\/wp\/v2\/posts"}],"about":[{"href":"https:\/\/elluchador.info\/index.php?rest_route=\/wp\/v2\/types\/post"}],"author":[{"embeddable":true,"href":"https:\/\/elluchador.info\/index.php?rest_route=\/wp\/v2\/users\/2"}],"replies":[{"embeddable":true,"href":"https:\/\/elluchador.info\/index.php?rest_route=%2Fwp%2Fv2%2Fcomments&post=191788"}],"version-history":[{"count":1,"href":"https:\/\/elluchador.info\/index.php?rest_route=\/wp\/v2\/posts\/191788\/revisions"}],"predecessor-version":[{"id":191790,"href":"https:\/\/elluchador.info\/index.php?rest_route=\/wp\/v2\/posts\/191788\/revisions\/191790"}],"wp:featuredmedia":[{"embeddable":true,"href":"https:\/\/elluchador.info\/index.php?rest_route=\/wp\/v2\/media\/191789"}],"wp:attachment":[{"href":"https:\/\/elluchador.info\/index.php?rest_route=%2Fwp%2Fv2%2Fmedia&parent=191788"}],"wp:term":[{"taxonomy":"category","embeddable":true,"href":"https:\/\/elluchador.info\/index.php?rest_route=%2Fwp%2Fv2%2Fcategories&post=191788"},{"taxonomy":"post_tag","embeddable":true,"href":"https:\/\/elluchador.info\/index.php?rest_route=%2Fwp%2Fv2%2Ftags&post=191788"}],"curies":[{"name":"wp","href":"https:\/\/api.w.org\/{rel}","templated":true}]}}