{"id":191794,"date":"2021-02-27T21:28:35","date_gmt":"2021-02-28T01:28:35","guid":{"rendered":"https:\/\/elluchador.info\/web\/?p=191794"},"modified":"2021-02-27T21:08:14","modified_gmt":"2021-02-28T01:08:14","slug":"191794","status":"publish","type":"post","link":"https:\/\/elluchador.info\/?p=191794","title":{"rendered":"Maduro ordena revisar las relaciones con Espa\u00f1a \ufeff"},"content":{"rendered":"\n<p>El presidente, Nicol\u00e1s Maduro, orden\u00f3 este s\u00e1bado revisar todas las relaciones diplom\u00e1ticas y pol\u00edticas con Espa\u00f1a ante lo que consider\u00f3 es una constante injerencia de la naci\u00f3n europea en los asuntos internos del pa\u00eds.<\/p>\n\n\n\n<p>Maduro exhorta al Ministerio P\u00fablico a retomar las investigaciones del 27 de febrero de 1989.<\/p>\n\n\n\n<p>Hizo este s\u00e1bado un llamado al Fiscal General, Tarek William Saab, a desempolvar los casos del 27 y 28 de febrero de 1989, para que se haga justicia completa sobre estos hechos hist\u00f3ricos.<\/p>\n\n\n\n<p>Durante la Plenaria Nacional del Congreso de los Pueblos, el Jefe de Estado se refiri\u00f3 al 27F, 32 a\u00f1os del llamado Caracazo.<\/p>\n\n\n\n<p>\u201cFue el d\u00eda de la ruptura de las amarras pol\u00edticas e ideol\u00f3gicas que el puntofijismo hab\u00eda establecido desde el populismo contra el pueblo de Venezuela durante tres d\u00e9cadas\u201d, resalt\u00f3.<\/p>\n\n\n\n<p>En este sentido, Maduro dijo: \u00abEl Caracazo fue la rebeli\u00f3n de los pobres de Venezuela contra el FMI, contra el neoliberalismo, una rebeli\u00f3n espont\u00e1nea, con un grito colectivo de \u00a1Ya basta!\u00bb.<\/p>\n\n\n\n<p>AVN<\/p>\n","protected":false},"excerpt":{"rendered":"<p>El presidente, Nicol\u00e1s Maduro, orden\u00f3 este s\u00e1bado revisar todas las relaciones diplom\u00e1ticas y pol\u00edticas con Espa\u00f1a ante lo que consider\u00f3 es una constante injerencia de la naci\u00f3n europea en los asuntos internos del pa\u00eds. Maduro exhorta al Ministerio P\u00fablico a retomar las investigaciones del 27 de febrero de 1989. Hizo este s\u00e1bado un llamado al [&hellip;]<\/p>\n","protected":false},"author":2,"featured_media":191795,"comment_status":"closed","ping_status":"closed","sticky":false,"template":"","format":"standard","meta":{"footnotes":""},"categories":[5,9],"tags":[],"class_list":{"0":"post-191794","1":"post","2":"type-post","3":"status-publish","4":"format-standard","5":"has-post-thumbnail","7":"category-destacado","8":"category-nacionales"},"_links":{"self":[{"href":"https:\/\/elluchador.info\/index.php?rest_route=\/wp\/v2\/posts\/191794","targetHints":{"allow":["GET"]}}],"collection":[{"href":"https:\/\/elluchador.info\/index.php?rest_route=\/wp\/v2\/posts"}],"about":[{"href":"https:\/\/elluchador.info\/index.php?rest_route=\/wp\/v2\/types\/post"}],"author":[{"embeddable":true,"href":"https:\/\/elluchador.info\/index.php?rest_route=\/wp\/v2\/users\/2"}],"replies":[{"embeddable":true,"href":"https:\/\/elluchador.info\/index.php?rest_route=%2Fwp%2Fv2%2Fcomments&post=191794"}],"version-history":[{"count":2,"href":"https:\/\/elluchador.info\/index.php?rest_route=\/wp\/v2\/posts\/191794\/revisions"}],"predecessor-version":[{"id":191797,"href":"https:\/\/elluchador.info\/index.php?rest_route=\/wp\/v2\/posts\/191794\/revisions\/191797"}],"wp:featuredmedia":[{"embeddable":true,"href":"https:\/\/elluchador.info\/index.php?rest_route=\/wp\/v2\/media\/191795"}],"wp:attachment":[{"href":"https:\/\/elluchador.info\/index.php?rest_route=%2Fwp%2Fv2%2Fmedia&parent=191794"}],"wp:term":[{"taxonomy":"category","embeddable":true,"href":"https:\/\/elluchador.info\/index.php?rest_route=%2Fwp%2Fv2%2Fcategories&post=191794"},{"taxonomy":"post_tag","embeddable":true,"href":"https:\/\/elluchador.info\/index.php?rest_route=%2Fwp%2Fv2%2Ftags&post=191794"}],"curies":[{"name":"wp","href":"https:\/\/api.w.org\/{rel}","templated":true}]}}