{"id":191812,"date":"2021-02-28T09:45:01","date_gmt":"2021-02-28T13:45:01","guid":{"rendered":"https:\/\/elluchador.info\/web\/?p=191812"},"modified":"2021-02-28T09:20:49","modified_gmt":"2021-02-28T13:20:49","slug":"roger-federer-regresara-el-8-de-marzo-en-doha","status":"publish","type":"post","link":"https:\/\/elluchador.info\/?p=191812","title":{"rendered":"Roger Federer regresar\u00e1 el 8 de marzo en Doha"},"content":{"rendered":"\n<p> Roger Federer volver\u00e1 al circuito el pr\u00f3ximo 8 de marzo, cuando arranque el torneo de Doha, pero su entorno ya empieza a dar pistas sobre cu\u00e1l ser\u00e1 el estado f\u00edsico del suizo cuando pise una pista de tenis m\u00e1s de un a\u00f1o despu\u00e9s de su \u00faltimo encuentro.<\/p>\n\n\n\n<p>Ha sido Pierre Paganini, fisio de Federer, el que ha desvelado cu\u00e1l es su estado real en una entrevista en el diario Tages-Anzeiger y por qu\u00e9 la gente no debe esperar un retorno como el que protagoniz\u00f3 en 2017, cuando gan\u00f3 Australia y Wimbledon.<\/p>\n\n\n\n<p>\u00abLa gran diferencia con aquello fue que cuando volvi\u00f3 en Australia, despu\u00e9s de no competir desde Wimbledon 2016, su musculatura segu\u00eda ah\u00ed. Ahora hemos tenido una completa interrupci\u00f3n en la que sus m\u00fasculos se han deteriorado considerablemente. Hubo mucho tiempo entre la primera operaci\u00f3n y cuando en julio vimos que pod\u00edamos volver a entrenar poco a poco\u00bb, dijo Paganini en una entrevista concedida a Rene Stauffer.<\/p>\n\n\n\n<p>\u00abSus m\u00fasculos no estaban al mismo nivel de antes y hab\u00eda muchos desequilibrios. Necesitaba m\u00e1s tiempo de recuperaci\u00f3n. Cuando empezamos a entrenar, empez\u00e1bamos de cero\u00bb, se\u00f1al\u00f3.<\/p>\n\n\n\n<p>Federer, que no compite desde el Abierto de Australia en 2020, se ha sometido en el \u00faltimo a\u00f1o a dos artroscopias en la rodilla y ha ido retrasando paulatinamente su vuelta al circuito hasta que confirm\u00f3 que jugar\u00eda en Doha.<\/p>\n\n\n\n<p>EFE<\/p>\n","protected":false},"excerpt":{"rendered":"<p>Roger Federer volver\u00e1 al circuito el pr\u00f3ximo 8 de marzo, cuando arranque el torneo de Doha, pero su entorno ya empieza a dar pistas sobre cu\u00e1l ser\u00e1 el estado f\u00edsico del suizo cuando pise una pista de tenis m\u00e1s de un a\u00f1o despu\u00e9s de su \u00faltimo encuentro. Ha sido Pierre Paganini, fisio de Federer, el [&hellip;]<\/p>\n","protected":false},"author":2,"featured_media":191813,"comment_status":"closed","ping_status":"closed","sticky":false,"template":"","format":"standard","meta":{"footnotes":""},"categories":[1],"tags":[],"class_list":{"0":"post-191812","1":"post","2":"type-post","3":"status-publish","4":"format-standard","5":"has-post-thumbnail","7":"category-deporte"},"_links":{"self":[{"href":"https:\/\/elluchador.info\/index.php?rest_route=\/wp\/v2\/posts\/191812","targetHints":{"allow":["GET"]}}],"collection":[{"href":"https:\/\/elluchador.info\/index.php?rest_route=\/wp\/v2\/posts"}],"about":[{"href":"https:\/\/elluchador.info\/index.php?rest_route=\/wp\/v2\/types\/post"}],"author":[{"embeddable":true,"href":"https:\/\/elluchador.info\/index.php?rest_route=\/wp\/v2\/users\/2"}],"replies":[{"embeddable":true,"href":"https:\/\/elluchador.info\/index.php?rest_route=%2Fwp%2Fv2%2Fcomments&post=191812"}],"version-history":[{"count":1,"href":"https:\/\/elluchador.info\/index.php?rest_route=\/wp\/v2\/posts\/191812\/revisions"}],"predecessor-version":[{"id":191814,"href":"https:\/\/elluchador.info\/index.php?rest_route=\/wp\/v2\/posts\/191812\/revisions\/191814"}],"wp:featuredmedia":[{"embeddable":true,"href":"https:\/\/elluchador.info\/index.php?rest_route=\/wp\/v2\/media\/191813"}],"wp:attachment":[{"href":"https:\/\/elluchador.info\/index.php?rest_route=%2Fwp%2Fv2%2Fmedia&parent=191812"}],"wp:term":[{"taxonomy":"category","embeddable":true,"href":"https:\/\/elluchador.info\/index.php?rest_route=%2Fwp%2Fv2%2Fcategories&post=191812"},{"taxonomy":"post_tag","embeddable":true,"href":"https:\/\/elluchador.info\/index.php?rest_route=%2Fwp%2Fv2%2Ftags&post=191812"}],"curies":[{"name":"wp","href":"https:\/\/api.w.org\/{rel}","templated":true}]}}