{"id":191889,"date":"2021-03-01T01:13:35","date_gmt":"2021-03-01T05:13:35","guid":{"rendered":"https:\/\/elluchador.info\/web\/?p=191889"},"modified":"2021-03-01T10:03:32","modified_gmt":"2021-03-01T14:03:32","slug":"maduro-ordena-reimpulsar-las-zonas-economicas-especiales-en-venezuela","status":"publish","type":"post","link":"https:\/\/elluchador.info\/?p=191889","title":{"rendered":"Maduro ordena reimpulsar las Zonas Econ\u00f3micas Especiales en Venezuela"},"content":{"rendered":"\n<p>El presidente de Venezuela,Nicol\u00e1s Maduro, orden\u00f3 aprovechar el reimpulso a las Zonas Econ\u00f3micas Especiales que dar\u00e1 la nueva Asamblea Nacional (AN), cuando este mes de marzo comience a debatir el nuevo marco legal regulatorio a este concepto para el desarrollo integral industrial, cient\u00edfico, tecnol\u00f3gico, financiero, de las criptomonedas y mucho otros \u00e1mbitos m\u00e1s.<\/p>\n\n\n\n<p>\u201cEs una gran oportunidad para el debate y la acci\u00f3n. No se trata solo del marco regulatorio, las normas legales, sino que la Ley sea program\u00e1tica y de all\u00ed surjan, se\u00f1ora vicepresidenta Delcy, se\u00f1or vicepresidente de Econom\u00eda Tarek, que surjan las l\u00edneas maestras para el desarrollo verdadero y real en esta etapa de las Zonas Econ\u00f3micas Especiales, que son componente fundamental del modelo post-rent\u00edstico\u201d, resumi\u00f3 el Jefe de Estado desde la Plenaria del Congreso Bicentenario de los Pueblos realizado en el Teatro Teresa Carre\u00f1o.<\/p>\n\n\n\n<p>Por otra parte, hizo autocr\u00edtica a la falta de avance de los Decretos de Zonas Econ\u00f3micas Especiales que pese al esfuerzo institucional desde la Presidencia, \u201chasta ahora no han sido lo fruct\u00edferos y exitosos que necesitamos, salvo un poco en Falc\u00f3n, en Paraguan\u00e1\u201d, reconoci\u00f3.<\/p>\n\n\n\n<p>Indic\u00f3 que la Junta Directiva de la Asamblea Nacional (AN) avanzar\u00e1 es este tema, por lo que llam\u00f3 a aprovechar esta oportunidad para reimpulsar este concepto econ\u00f3mico expresado en las diversas zonas especiales del pa\u00eds.<\/p>\n\n\n\n<p>Por otra parte, orden\u00f3 revisar y perfeccionar la pol\u00edtica arancelaria a favor de la producci\u00f3n nacional. \u201cLa pol\u00edtica arancelaria tiene que ser para favorecer el desarrollo nacional, cada vez m\u00e1s. Tiene que ser detallista, espec\u00edfica, c\u00f3mo favorecemos al productor nacional, a los productos hechos con calidad en Venezuela que sustituyan importaciones, sobre todo en esta etapa de guerra econ\u00f3mica extrema que perpetr\u00f3 el Gobierno saliente de Trump contra el pa\u00eds\u201d.<\/p>\n\n\n\n<p>Tras escuchar las propuestas de los movimientos sociales y empresariales que confluyen en el Congreso Bicentenario de los Pueblos, ofreci\u00f3 el apoyo al sector productivo nacional. Record\u00f3 que el Plan Z para la dotaci\u00f3n de calzado de calidad a las comunidades v\u00edctimas del bloqueo imperial, se vio ralentizado producto de la agresi\u00f3n econ\u00f3mica en 2019 y 2020. \u201cNos robaron el 99% de los ingresos, no permitieron ingreso al pa\u00eds y buena parte del Plan Z estaba respaldado en inversi\u00f3n en divisas\u201d.<\/p>\n\n\n\n<p>Inform\u00f3 que pese a toda la agresi\u00f3n, a la distribuci\u00f3n de calzado popular se le acaba de inyectar una inversi\u00f3n cercana a 2 millones de euros, para dar el impulso al plan Z que permita seguir apoyando al pueblo mayoritario de Venezuela que necesita este respaldo, y a la industria del calzado para que produzca rubros de calidad.<\/p>\n\n\n\n<p>\u201cEste cambio de modelo, esa mudanza del modelo rentista-cadivista-petrolero fue forzada al modelo productivo nacional y necesitamos una pol\u00edtica de aranceles que favorezca la producci\u00f3n nacional\u201d, dijo en referencia a la pol\u00edtica arancelaria, instruyendo a la vicepresidenta Ejecutiva, Delcy Rodr\u00edguez, a finiquitar detalles sobre este tema.<\/p>\n\n\n\n<p>El Jefe de Estado record\u00f3 que la agresi\u00f3n trumpista y su aliado guaidosista, traidor a la Patria venezolana, provoc\u00f3 la p\u00e9rdida de 99% de los ingresos nacionales.<\/p>\n\n\n\n<p>\u201cY hay gente que me echa la culpa a m\u00ed. &nbsp;Me acusan de gobernar para los capitalistas y el imperialismo. \u00bfSe puede creer que Maduro sea instrumento del capitalismo y el imperialismo?. Pero hay gente que lo dice y al final se unen ellos a las propuestas del trumpismo y guaidosismo para atacarme a mi y a la Revoluci\u00f3n\u201d.<\/p>\n\n\n\n<p>No obstante, el presidente Maduro record\u00f3 que pese a los ataques inmorales, con el 1% restante del ingreso nacional el Gobierno Bolivariano ha hecho esfuerzos gigantescos para que funcionen la salud y la lucha contra la COVID-19; la construcci\u00f3n y entrega de viviendas, la educaci\u00f3n de calidad y gratuita, la cultura, y defender el ingreso de los trabajadores.<\/p>\n\n\n\n<p><strong>Con informaci\u00f3n de VTV<\/strong><\/p>\n","protected":false},"excerpt":{"rendered":"<p>El presidente de Venezuela,Nicol\u00e1s Maduro, orden\u00f3 aprovechar el reimpulso a las Zonas Econ\u00f3micas Especiales que dar\u00e1 la nueva Asamblea Nacional (AN), cuando este mes de marzo comience a debatir el nuevo marco legal regulatorio a este concepto para el desarrollo integral industrial, cient\u00edfico, tecnol\u00f3gico, financiero, de las criptomonedas y mucho otros \u00e1mbitos m\u00e1s. \u201cEs una [&hellip;]<\/p>\n","protected":false},"author":2,"featured_media":191141,"comment_status":"closed","ping_status":"closed","sticky":false,"template":"","format":"standard","meta":{"footnotes":""},"categories":[9],"tags":[],"class_list":{"0":"post-191889","1":"post","2":"type-post","3":"status-publish","4":"format-standard","5":"has-post-thumbnail","7":"category-nacionales"},"_links":{"self":[{"href":"https:\/\/elluchador.info\/index.php?rest_route=\/wp\/v2\/posts\/191889","targetHints":{"allow":["GET"]}}],"collection":[{"href":"https:\/\/elluchador.info\/index.php?rest_route=\/wp\/v2\/posts"}],"about":[{"href":"https:\/\/elluchador.info\/index.php?rest_route=\/wp\/v2\/types\/post"}],"author":[{"embeddable":true,"href":"https:\/\/elluchador.info\/index.php?rest_route=\/wp\/v2\/users\/2"}],"replies":[{"embeddable":true,"href":"https:\/\/elluchador.info\/index.php?rest_route=%2Fwp%2Fv2%2Fcomments&post=191889"}],"version-history":[{"count":1,"href":"https:\/\/elluchador.info\/index.php?rest_route=\/wp\/v2\/posts\/191889\/revisions"}],"predecessor-version":[{"id":191890,"href":"https:\/\/elluchador.info\/index.php?rest_route=\/wp\/v2\/posts\/191889\/revisions\/191890"}],"wp:featuredmedia":[{"embeddable":true,"href":"https:\/\/elluchador.info\/index.php?rest_route=\/wp\/v2\/media\/191141"}],"wp:attachment":[{"href":"https:\/\/elluchador.info\/index.php?rest_route=%2Fwp%2Fv2%2Fmedia&parent=191889"}],"wp:term":[{"taxonomy":"category","embeddable":true,"href":"https:\/\/elluchador.info\/index.php?rest_route=%2Fwp%2Fv2%2Fcategories&post=191889"},{"taxonomy":"post_tag","embeddable":true,"href":"https:\/\/elluchador.info\/index.php?rest_route=%2Fwp%2Fv2%2Ftags&post=191889"}],"curies":[{"name":"wp","href":"https:\/\/api.w.org\/{rel}","templated":true}]}}