{"id":191913,"date":"2021-03-01T16:00:29","date_gmt":"2021-03-01T20:00:29","guid":{"rendered":"https:\/\/elluchador.info\/web\/?p=191913"},"modified":"2021-03-01T15:51:02","modified_gmt":"2021-03-01T19:51:02","slug":"estatuto-de-proteccion-temporal-a-migrantes-venezolanos-en-colombia-ya-es-un-hecho","status":"publish","type":"post","link":"https:\/\/elluchador.info\/?p=191913","title":{"rendered":"Estatuto de Protecci\u00f3n Temporal a Migrantes Venezolanos en Colombia ya es un hecho"},"content":{"rendered":"\n<p>En tres meses comenzar\u00e1 a funcionar el primer paso\u00a0para que los migrantes puedan tener el Permiso por Protecci\u00f3n Temporal, que es el Registro \u00danico de Migrantes Venezolanos.<\/p>\n\n\n\n<p>El presidente de Colombia, Iv\u00e1n Duque, firm\u00f3 este lunes, en la Casa de Nari\u00f1o, el decreto por medio del cual<strong>&nbsp;se crea el Estatuto de Protecci\u00f3n Temporal a Migrantes Venezolanos<\/strong>, que garantizar\u00e1 la atenci\u00f3n humanitaria en ese pa\u00eds de los ciudadanos que huyen del r\u00e9gimen de Nicol\u00e1s Maduro.<\/p>\n\n\n\n<p>Este estatuto permite el tr\u00e1nsito de los migrantes venezolanos en Colombia, quienes<strong>\u00a0tendr\u00e1n un lapso de 10 a\u00f1os para adquirir una visa<\/strong>\u00a0de residentes.<\/p>\n\n\n\n<p>La medida pretende\u00a0<strong>proteger a la poblaci\u00f3n migrante que se encuentra actualmente en condiciones de irregularidad<\/strong>, teniendo en cuenta que se trata de la poblaci\u00f3n m\u00e1s vulnerable, medida que adicionalmente desestimula la migraci\u00f3n irregular con posterioridad a la entrada en vigencia de la norma.<\/p>\n\n\n\n<p>El Nacional <\/p>\n","protected":false},"excerpt":{"rendered":"<p>En tres meses comenzar\u00e1 a funcionar el primer paso\u00a0para que los migrantes puedan tener el Permiso por Protecci\u00f3n Temporal, que es el Registro \u00danico de Migrantes Venezolanos. El presidente de Colombia, Iv\u00e1n Duque, firm\u00f3 este lunes, en la Casa de Nari\u00f1o, el decreto por medio del cual&nbsp;se crea el Estatuto de Protecci\u00f3n Temporal a Migrantes [&hellip;]<\/p>\n","protected":false},"author":2,"featured_media":153139,"comment_status":"closed","ping_status":"closed","sticky":false,"template":"","format":"standard","meta":{"footnotes":""},"categories":[5,8],"tags":[],"class_list":{"0":"post-191913","1":"post","2":"type-post","3":"status-publish","4":"format-standard","5":"has-post-thumbnail","7":"category-destacado","8":"category-internacionales"},"_links":{"self":[{"href":"https:\/\/elluchador.info\/index.php?rest_route=\/wp\/v2\/posts\/191913","targetHints":{"allow":["GET"]}}],"collection":[{"href":"https:\/\/elluchador.info\/index.php?rest_route=\/wp\/v2\/posts"}],"about":[{"href":"https:\/\/elluchador.info\/index.php?rest_route=\/wp\/v2\/types\/post"}],"author":[{"embeddable":true,"href":"https:\/\/elluchador.info\/index.php?rest_route=\/wp\/v2\/users\/2"}],"replies":[{"embeddable":true,"href":"https:\/\/elluchador.info\/index.php?rest_route=%2Fwp%2Fv2%2Fcomments&post=191913"}],"version-history":[{"count":1,"href":"https:\/\/elluchador.info\/index.php?rest_route=\/wp\/v2\/posts\/191913\/revisions"}],"predecessor-version":[{"id":191914,"href":"https:\/\/elluchador.info\/index.php?rest_route=\/wp\/v2\/posts\/191913\/revisions\/191914"}],"wp:featuredmedia":[{"embeddable":true,"href":"https:\/\/elluchador.info\/index.php?rest_route=\/wp\/v2\/media\/153139"}],"wp:attachment":[{"href":"https:\/\/elluchador.info\/index.php?rest_route=%2Fwp%2Fv2%2Fmedia&parent=191913"}],"wp:term":[{"taxonomy":"category","embeddable":true,"href":"https:\/\/elluchador.info\/index.php?rest_route=%2Fwp%2Fv2%2Fcategories&post=191913"},{"taxonomy":"post_tag","embeddable":true,"href":"https:\/\/elluchador.info\/index.php?rest_route=%2Fwp%2Fv2%2Ftags&post=191913"}],"curies":[{"name":"wp","href":"https:\/\/api.w.org\/{rel}","templated":true}]}}