{"id":191915,"date":"2021-03-01T16:06:28","date_gmt":"2021-03-01T20:06:28","guid":{"rendered":"https:\/\/elluchador.info\/web\/?p=191915"},"modified":"2021-03-01T15:56:57","modified_gmt":"2021-03-01T19:56:57","slug":"alcaldia-de-piar-continuan-plan-de-limpieza-y-ornato-en-las-avenidas-del-municipio","status":"publish","type":"post","link":"https:\/\/elluchador.info\/?p=191915","title":{"rendered":"Alcald\u00eda de Piar contin\u00faan plan de limpieza y ornato en las avenidas del municipio"},"content":{"rendered":"\n<p>Por instrucciones y orientaciones de la alcaldesa Yulisbeth Garc\u00eda, las cuadrillas de Fundaci\u00f3n Yocoima, contin\u00faan desplegadas en las avenidas y espacios p\u00fablicos del municipio Piar, ejecutando el plan de limpieza y ornato 202, con la finalidad de ofrecer lugares \u00f3ptimos a propios y visitantes.<\/p>\n\n\n\n<p>La mandataria municipal destac\u00f3, que su gesti\u00f3n \u201cPor Amor a Piar\u201d, contin\u00faa en este mes con mucho trabajo por el bienestar del pueblo piarense, \u201cnuestras avenidas y sitios p\u00fablicos deben estar limpios y libres de basura, tenemos que servir de ejemplo por lo que pido a los pobladores cuidarlos, no arrojar basuras en las calles y, sobre todo cuidar las plantas ornamentales\u201d.<\/p>\n\n\n\n<p><strong>Otros trabajos<\/strong><\/p>\n\n\n\n<p>Asimismo, gracias a la coordinaci\u00f3n de la autoridad local, con apoyo del gobernador Justo Noguera, el equipo de la Secretar\u00eda de Mantenimiento y Servicios Generales de la Gobernaci\u00f3n, se sum\u00f3 a los trabajos de limpieza, entre ellos est\u00e1n; el acondicionamiento de 45 kil\u00f3metros en la v\u00eda Upata-El Pao, carretera que comunica las dos parroquias, aunado a los saneamientos de la red de aguas servidas en diferentes puntos de la ciudad.<\/p>\n\n\n\n<p>Prensa Alcald\u00eda de Piar<\/p>\n","protected":false},"excerpt":{"rendered":"<p>Por instrucciones y orientaciones de la alcaldesa Yulisbeth Garc\u00eda, las cuadrillas de Fundaci\u00f3n Yocoima, contin\u00faan desplegadas en las avenidas y espacios p\u00fablicos del municipio Piar, ejecutando el plan de limpieza y ornato 202, con la finalidad de ofrecer lugares \u00f3ptimos a propios y visitantes. La mandataria municipal destac\u00f3, que su gesti\u00f3n \u201cPor Amor a Piar\u201d, [&hellip;]<\/p>\n","protected":false},"author":2,"featured_media":191916,"comment_status":"closed","ping_status":"closed","sticky":false,"template":"","format":"standard","meta":{"footnotes":""},"categories":[5,12],"tags":[],"class_list":{"0":"post-191915","1":"post","2":"type-post","3":"status-publish","4":"format-standard","5":"has-post-thumbnail","7":"category-destacado","8":"category-regionales"},"_links":{"self":[{"href":"https:\/\/elluchador.info\/index.php?rest_route=\/wp\/v2\/posts\/191915","targetHints":{"allow":["GET"]}}],"collection":[{"href":"https:\/\/elluchador.info\/index.php?rest_route=\/wp\/v2\/posts"}],"about":[{"href":"https:\/\/elluchador.info\/index.php?rest_route=\/wp\/v2\/types\/post"}],"author":[{"embeddable":true,"href":"https:\/\/elluchador.info\/index.php?rest_route=\/wp\/v2\/users\/2"}],"replies":[{"embeddable":true,"href":"https:\/\/elluchador.info\/index.php?rest_route=%2Fwp%2Fv2%2Fcomments&post=191915"}],"version-history":[{"count":1,"href":"https:\/\/elluchador.info\/index.php?rest_route=\/wp\/v2\/posts\/191915\/revisions"}],"predecessor-version":[{"id":191917,"href":"https:\/\/elluchador.info\/index.php?rest_route=\/wp\/v2\/posts\/191915\/revisions\/191917"}],"wp:featuredmedia":[{"embeddable":true,"href":"https:\/\/elluchador.info\/index.php?rest_route=\/wp\/v2\/media\/191916"}],"wp:attachment":[{"href":"https:\/\/elluchador.info\/index.php?rest_route=%2Fwp%2Fv2%2Fmedia&parent=191915"}],"wp:term":[{"taxonomy":"category","embeddable":true,"href":"https:\/\/elluchador.info\/index.php?rest_route=%2Fwp%2Fv2%2Fcategories&post=191915"},{"taxonomy":"post_tag","embeddable":true,"href":"https:\/\/elluchador.info\/index.php?rest_route=%2Fwp%2Fv2%2Ftags&post=191915"}],"curies":[{"name":"wp","href":"https:\/\/api.w.org\/{rel}","templated":true}]}}