{"id":191940,"date":"2021-03-01T17:09:02","date_gmt":"2021-03-01T21:09:02","guid":{"rendered":"https:\/\/elluchador.info\/web\/?p=191940"},"modified":"2021-03-01T17:00:01","modified_gmt":"2021-03-01T21:00:01","slug":"hasta-el-1-de-junio-se-extiende-el-cierre-de-frontera-entre-venezuela-y-colombia","status":"publish","type":"post","link":"https:\/\/elluchador.info\/?p=191940","title":{"rendered":"Hasta el 1 de junio se extiende el  cierre de frontera entre Venezuela y Colombia"},"content":{"rendered":"\n<p>Los pasos fronterizos terrestres y fluviales del territorio de Colombia permanecer\u00e1n cerrados hasta el pr\u00f3ximo 01 de junio, de acuerdo a un decreto del Ministerio del Interior, que extendi\u00f3 la clausura de las fronteras inicialmente establecida hasta el 1 de marzo.<\/p>\n\n\n\n<p>El puente Sim\u00f3n Bol\u00edvar, en la frontera de Venezuela y Colombia, estar\u00e1 clausurado hasta el 1 de junio en un esfuerzo por contener la pandemia. Lo mismo es cierto para todos los cruces terrestres y acu\u00e1ticos de Colombia. Pero el decreto de clausura contempla excepciones que incluyen a personas que necesiten entrar a Colombia por problemas m\u00e9dicos.<\/p>\n\n\n\n<p>La medida&nbsp;se extender\u00e1 por tres meses m\u00e1s, con el fin de continuar controlando, evitando y mitigando la propagaci\u00f3n del Covid-19, en todo el territorio nacional.<\/p>\n\n\n\n<p>De acuerdo con el director general de Migraci\u00f3n Colombia, Juan Francisco Espinosa Palacios, si bien el Decreto 206 del 26 de febrero de 2021, del Ministerio del Interior, prolonga el cierre de todos los pasos fronterizos terrestres y fluviales con Panam\u00e1, Ecuador, Per\u00fa, Brasil y Venezuela, tambi\u00e9n establece las excepciones a esta medida, entre las que se encuentran el transporte de carga, las emergencias sanitarias y los casos fortuitos o de fuerza mayor.<\/p>\n\n\n\n<p>Frente a la salida de ciudadanos extranjeros del territorio nacional, el jefe de la autoridad migratoria colombiana aclar\u00f3 que las mismas seguir\u00e1n siendo coordinadas por Migraci\u00f3n Colombia con las autoridades locales y regionales.<\/p>\n\n\n\n<p>Respecto a los viajeros que ingresen al territorio nacional como parte de las medidas de excepci\u00f3n, Espinosa Palacios inform\u00f3 que, el Decreto 206 establece que&nbsp;los mismos deber\u00e1n cumplir con todas las medidas de bioseguridad establecidas por el Ministerio de Salud y Protecci\u00f3n Social, as\u00ed como por las autoridades regionales.<\/p>\n\n\n\n<p>Espinosa precis\u00f3 que si bien durante el cierre de los pasos fronterizos se continuar\u00e1 revisando, de manera permanente\u00a0la evoluci\u00f3n de la pandemia en los pa\u00edses vecinos, con el fin de determinar si se puede hacer la apertura de los mismos, antes de lo previsto, es necesario recordar que el Covid-19 sigue presente y entre todos deben\u00a0cuidarse:\u00a0\u00abEste es un momento de cuidarnos entre todos. No podemos bajar la guardia. El Covid no distingue entre nacionalidades y debemos seguir las recomendaciones de las autoridades de salud, para poder superar juntos, esta pandemia\u00bb, afirm\u00f3.<\/p>\n\n\n\n<p>Informaci\u00f3n de VOA<\/p>\n","protected":false},"excerpt":{"rendered":"<p>Los pasos fronterizos terrestres y fluviales del territorio de Colombia permanecer\u00e1n cerrados hasta el pr\u00f3ximo 01 de junio, de acuerdo a un decreto del Ministerio del Interior, que extendi\u00f3 la clausura de las fronteras inicialmente establecida hasta el 1 de marzo. El puente Sim\u00f3n Bol\u00edvar, en la frontera de Venezuela y Colombia, estar\u00e1 clausurado hasta [&hellip;]<\/p>\n","protected":false},"author":2,"featured_media":191941,"comment_status":"closed","ping_status":"closed","sticky":false,"template":"","format":"standard","meta":{"footnotes":""},"categories":[5,8],"tags":[],"class_list":{"0":"post-191940","1":"post","2":"type-post","3":"status-publish","4":"format-standard","5":"has-post-thumbnail","7":"category-destacado","8":"category-internacionales"},"_links":{"self":[{"href":"https:\/\/elluchador.info\/index.php?rest_route=\/wp\/v2\/posts\/191940","targetHints":{"allow":["GET"]}}],"collection":[{"href":"https:\/\/elluchador.info\/index.php?rest_route=\/wp\/v2\/posts"}],"about":[{"href":"https:\/\/elluchador.info\/index.php?rest_route=\/wp\/v2\/types\/post"}],"author":[{"embeddable":true,"href":"https:\/\/elluchador.info\/index.php?rest_route=\/wp\/v2\/users\/2"}],"replies":[{"embeddable":true,"href":"https:\/\/elluchador.info\/index.php?rest_route=%2Fwp%2Fv2%2Fcomments&post=191940"}],"version-history":[{"count":1,"href":"https:\/\/elluchador.info\/index.php?rest_route=\/wp\/v2\/posts\/191940\/revisions"}],"predecessor-version":[{"id":191942,"href":"https:\/\/elluchador.info\/index.php?rest_route=\/wp\/v2\/posts\/191940\/revisions\/191942"}],"wp:featuredmedia":[{"embeddable":true,"href":"https:\/\/elluchador.info\/index.php?rest_route=\/wp\/v2\/media\/191941"}],"wp:attachment":[{"href":"https:\/\/elluchador.info\/index.php?rest_route=%2Fwp%2Fv2%2Fmedia&parent=191940"}],"wp:term":[{"taxonomy":"category","embeddable":true,"href":"https:\/\/elluchador.info\/index.php?rest_route=%2Fwp%2Fv2%2Fcategories&post=191940"},{"taxonomy":"post_tag","embeddable":true,"href":"https:\/\/elluchador.info\/index.php?rest_route=%2Fwp%2Fv2%2Ftags&post=191940"}],"curies":[{"name":"wp","href":"https:\/\/api.w.org\/{rel}","templated":true}]}}