{"id":191951,"date":"2021-03-01T17:36:15","date_gmt":"2021-03-01T21:36:15","guid":{"rendered":"https:\/\/elluchador.info\/web\/?p=191951"},"modified":"2021-03-01T17:26:42","modified_gmt":"2021-03-01T21:26:42","slug":"oms-asegura-ser-irrealistas-al-creer-que-la-pandemia-sera-contenida-este-ano","status":"publish","type":"post","link":"https:\/\/elluchador.info\/?p=191951","title":{"rendered":"OMS asegura ser irrealistas al creer que la pandemia ser\u00e1 contenida este a\u00f1o"},"content":{"rendered":"\n<p>El principal objetivo en todo el mundo en este momento deber\u00eda ser mantener los contagios de COVID-19 lo m\u00e1s bajo posible, indic\u00f3 el m\u00e9dico Michael Ryan, director del programa de emergencias de la OMS.<\/p>\n\n\n\n<p>Un prominente funcionario de la Organizaci\u00f3n Mundial de la Salud declar\u00f3 el lunes que es \u201cprematuro\u201d e \u201cirrealista\u201d creer que la pandemia del coronavirus podr\u00eda ser contenida para finales de este a\u00f1o, pero reconoci\u00f3 que la reciente llegada de vacunas efectivas podr\u00eda al menos ayudar a reducir dr\u00e1sticamente las hospitalizaciones y los decesos.<\/p>\n\n\n\n<p>\u201cSi somos sensatos, podremos poner fin a las hospitalizaciones, las muertes y la tragedia relacionadas con esta pandemia\u201d para fines de a\u00f1o, expres\u00f3 Ryan en una sesi\u00f3n informativa con reporteros.<\/p>\n\n\n\n<p>Ryan a\u00f1adi\u00f3 que la OMS se siente alentada por resultados preliminares que indican que las vacunas parecen estar ayudando a frenar la explosiva propagaci\u00f3n del virus.<\/p>\n\n\n\n<p>\u201cSi las vacunas empiezan a surtir efecto no s\u00f3lo en cuanto a decesos y no s\u00f3lo en cuanto a hospitalizaciones, sino tambi\u00e9n en cuanto a la din\u00e1mica de contagio y a los riesgos del mismo, creo que entonces estaremos encaminados a controlar esta pandemia\u201d, asever\u00f3 el experto.<\/p>\n\n\n\n<p>Sin embargo, advirti\u00f3 que se debe evitar la complacencia, pues nada est\u00e1 garantizado ante una epidemia en evoluci\u00f3n.<\/p>\n\n\n\n<p>\u201cJusto ahora el virus es el que controla la situaci\u00f3n\u201d, afirm\u00f3.<\/p>\n\n\n\n<p>Entretanto, el director general de la OMS declar\u00f3 que es \u201clamentable\u201d que adultos j\u00f3venes y saludables en los pa\u00edses ricos est\u00e1n siendo vacunados antes que el personal de salud en los pa\u00edses en desarrollo.<\/p>\n\n\n\n<p>Tedros Adhanom Ghebreyesus afirm\u00f3 que esta semana comenzaron las campa\u00f1as de vacunaci\u00f3n con la iniciativa COVAX en Ghana y Costa de Marfil, pero lament\u00f3 que ello est\u00e9 ocurriendo s\u00f3lo tres meses despu\u00e9s que pa\u00edses como Estados Unidos, Gran Breta\u00f1a y Canad\u00e1 comenzaron las inoculaciones de su propia poblaci\u00f3n.<\/p>\n\n\n\n<p>\u201cNo se trata de una carrera entre pa\u00edses\u201d, se\u00f1al\u00f3. \u201cLa carrera es de todos contra el virus. No le vamos a pedir a los pa\u00edses que pongan en riesgo a su poblaci\u00f3n, lo que le pedimos a todos los pa\u00edses es que sean parte de un esfuerzo global para combatir el virus en todas partes\u201d.<\/p>\n\n\n\n<p>El Impulso <\/p>\n","protected":false},"excerpt":{"rendered":"<p>El principal objetivo en todo el mundo en este momento deber\u00eda ser mantener los contagios de COVID-19 lo m\u00e1s bajo posible, indic\u00f3 el m\u00e9dico Michael Ryan, director del programa de emergencias de la OMS. Un prominente funcionario de la Organizaci\u00f3n Mundial de la Salud declar\u00f3 el lunes que es \u201cprematuro\u201d e \u201cirrealista\u201d creer que la [&hellip;]<\/p>\n","protected":false},"author":2,"featured_media":191043,"comment_status":"closed","ping_status":"closed","sticky":false,"template":"","format":"standard","meta":{"footnotes":""},"categories":[5,19],"tags":[],"class_list":{"0":"post-191951","1":"post","2":"type-post","3":"status-publish","4":"format-standard","5":"has-post-thumbnail","7":"category-destacado","8":"category-salud"},"_links":{"self":[{"href":"https:\/\/elluchador.info\/index.php?rest_route=\/wp\/v2\/posts\/191951","targetHints":{"allow":["GET"]}}],"collection":[{"href":"https:\/\/elluchador.info\/index.php?rest_route=\/wp\/v2\/posts"}],"about":[{"href":"https:\/\/elluchador.info\/index.php?rest_route=\/wp\/v2\/types\/post"}],"author":[{"embeddable":true,"href":"https:\/\/elluchador.info\/index.php?rest_route=\/wp\/v2\/users\/2"}],"replies":[{"embeddable":true,"href":"https:\/\/elluchador.info\/index.php?rest_route=%2Fwp%2Fv2%2Fcomments&post=191951"}],"version-history":[{"count":1,"href":"https:\/\/elluchador.info\/index.php?rest_route=\/wp\/v2\/posts\/191951\/revisions"}],"predecessor-version":[{"id":191952,"href":"https:\/\/elluchador.info\/index.php?rest_route=\/wp\/v2\/posts\/191951\/revisions\/191952"}],"wp:featuredmedia":[{"embeddable":true,"href":"https:\/\/elluchador.info\/index.php?rest_route=\/wp\/v2\/media\/191043"}],"wp:attachment":[{"href":"https:\/\/elluchador.info\/index.php?rest_route=%2Fwp%2Fv2%2Fmedia&parent=191951"}],"wp:term":[{"taxonomy":"category","embeddable":true,"href":"https:\/\/elluchador.info\/index.php?rest_route=%2Fwp%2Fv2%2Fcategories&post=191951"},{"taxonomy":"post_tag","embeddable":true,"href":"https:\/\/elluchador.info\/index.php?rest_route=%2Fwp%2Fv2%2Ftags&post=191951"}],"curies":[{"name":"wp","href":"https:\/\/api.w.org\/{rel}","templated":true}]}}