{"id":191955,"date":"2021-03-01T17:46:34","date_gmt":"2021-03-01T21:46:34","guid":{"rendered":"https:\/\/elluchador.info\/web\/?p=191955"},"modified":"2021-03-01T17:37:01","modified_gmt":"2021-03-01T21:37:01","slug":"presidente-de-la-an-los-factores-politicos-se-estarian-preparando-para-los-comicios-regionales-y-municipales","status":"publish","type":"post","link":"https:\/\/elluchador.info\/?p=191955","title":{"rendered":"Presidente de la AN: Los factores pol\u00edticos se estar\u00edan preparando para los comicios regionales y municipales"},"content":{"rendered":"\n<p>Luego del encuentro sostenido con diversos partidos pol\u00edticos, Rodr\u00edguez reiter\u00f3 que \u00abtodos estamos de acuerdo en que es el di\u00e1logo el mecanismo para lograr la paz\u00bb en la naci\u00f3n.<\/p>\n\n\n\n<p>El presidente de la Asamblea Nacional y de la comisi\u00f3n especial de di\u00e1logo,&nbsp;<strong>Jorge Rodr\u00edguez,<\/strong>&nbsp;asegur\u00f3 este lunes que todos los factores pol\u00edticos del pa\u00eds se estar\u00edan preparando para los pr\u00f3ximos comicios regionales y municipales.<\/p>\n\n\n\n<p>Para los encuentros,<strong>&nbsp;se incorporar\u00e1 un representante de cada uno de los partidos pol\u00edticos,<\/strong>&nbsp;y se encontrar\u00e1n cada 15 d\u00edas en los espacios de la Asamblea Nacional.<\/p>\n\n\n\n<p><strong>Felipe Mujica, secretario general del Movimiento al Socialismo- MAS<\/strong>-,&nbsp;se mostr\u00f3 optimista de cara al nuevo espacio de conversaci\u00f3n entre un sector pol\u00edtico con el gobierno nacional.<\/p>\n\n\n\n<p>Hemos coincidido que no solo se de con los que estamos aqu\u00ed, el di\u00e1logo queremos hacerlo con todos los sectores pol\u00edticos y que podamos levantar el conflicto que tiene Venezuela. Y pasar a los escenarios de la reconciliaci\u00f3n y caminar hacia lo electoral.<\/p>\n\n\n\n<p>Uni\u00f3n Radio<\/p>\n","protected":false},"excerpt":{"rendered":"<p>Luego del encuentro sostenido con diversos partidos pol\u00edticos, Rodr\u00edguez reiter\u00f3 que \u00abtodos estamos de acuerdo en que es el di\u00e1logo el mecanismo para lograr la paz\u00bb en la naci\u00f3n. El presidente de la Asamblea Nacional y de la comisi\u00f3n especial de di\u00e1logo,&nbsp;Jorge Rodr\u00edguez,&nbsp;asegur\u00f3 este lunes que todos los factores pol\u00edticos del pa\u00eds se estar\u00edan preparando [&hellip;]<\/p>\n","protected":false},"author":2,"featured_media":191956,"comment_status":"closed","ping_status":"closed","sticky":false,"template":"","format":"standard","meta":{"footnotes":""},"categories":[5,11],"tags":[],"class_list":{"0":"post-191955","1":"post","2":"type-post","3":"status-publish","4":"format-standard","5":"has-post-thumbnail","7":"category-destacado","8":"category-politica"},"_links":{"self":[{"href":"https:\/\/elluchador.info\/index.php?rest_route=\/wp\/v2\/posts\/191955","targetHints":{"allow":["GET"]}}],"collection":[{"href":"https:\/\/elluchador.info\/index.php?rest_route=\/wp\/v2\/posts"}],"about":[{"href":"https:\/\/elluchador.info\/index.php?rest_route=\/wp\/v2\/types\/post"}],"author":[{"embeddable":true,"href":"https:\/\/elluchador.info\/index.php?rest_route=\/wp\/v2\/users\/2"}],"replies":[{"embeddable":true,"href":"https:\/\/elluchador.info\/index.php?rest_route=%2Fwp%2Fv2%2Fcomments&post=191955"}],"version-history":[{"count":1,"href":"https:\/\/elluchador.info\/index.php?rest_route=\/wp\/v2\/posts\/191955\/revisions"}],"predecessor-version":[{"id":191957,"href":"https:\/\/elluchador.info\/index.php?rest_route=\/wp\/v2\/posts\/191955\/revisions\/191957"}],"wp:featuredmedia":[{"embeddable":true,"href":"https:\/\/elluchador.info\/index.php?rest_route=\/wp\/v2\/media\/191956"}],"wp:attachment":[{"href":"https:\/\/elluchador.info\/index.php?rest_route=%2Fwp%2Fv2%2Fmedia&parent=191955"}],"wp:term":[{"taxonomy":"category","embeddable":true,"href":"https:\/\/elluchador.info\/index.php?rest_route=%2Fwp%2Fv2%2Fcategories&post=191955"},{"taxonomy":"post_tag","embeddable":true,"href":"https:\/\/elluchador.info\/index.php?rest_route=%2Fwp%2Fv2%2Ftags&post=191955"}],"curies":[{"name":"wp","href":"https:\/\/api.w.org\/{rel}","templated":true}]}}