{"id":191974,"date":"2021-03-01T21:10:12","date_gmt":"2021-03-02T01:10:12","guid":{"rendered":"https:\/\/elluchador.info\/web\/?p=191974"},"modified":"2021-03-01T20:46:55","modified_gmt":"2021-03-02T00:46:55","slug":"con-solo-un-5-de-alumnos-presenciales-arranca-el-ano-escolar-en-chile","status":"publish","type":"post","link":"https:\/\/elluchador.info\/?p=191974","title":{"rendered":"Con solo un 5% de alumnos, presenciales arranca el a\u00f1o escolar en Chile"},"content":{"rendered":"\n<p>El Colegio de Profesores rechaza la vuelta a clases mientras los docentes no completen su vacunaci\u00f3n y se adopten otras medidas sanitarias<\/p>\n\n\n\n<p>Chile arranc\u00f3 este lunes el a\u00f1o escolar con la asistencia de solo un 5% de los estudiantes a las clases presenciales, luego de que las clases se desarrollaran en 2020 mayoritariamente de forma remota.<\/p>\n\n\n\n<p>El Colegio de Profesores rechaza la vuelta a clases presenciales mientras los profesores no completen su vacunaci\u00f3n y se adopten otras medidas sanitarias, en tanto propusieron que el inicio de clases se dispusiera despu\u00e9s de la elecci\u00f3n de la Convenci\u00f3n Constituyente, prevista para el 11 de abril.<\/p>\n\n\n\n<p>\u00abEl d\u00eda de hoy no m\u00e1s all\u00e1 del 5% de estudiantes llegaron a las escuelas del pa\u00eds, lo cual indudablemente refleja una cifra muy m\u00ednima respecto de la expectativa que ten\u00eda la autoridad\u00bb, asever\u00f3 Carlos D\u00edaz, presidente del Colegio de Profesores de Chile.<\/p>\n\n\n\n<p>El gobierno fijo para este lunes el inicio del a\u00f1o escolar, con asistencia presencial de forma voluntaria y gradual.<\/p>\n\n\n\n<p>Del total de 9.500 colegios p\u00fablicos y privados, unos 3.000 iniciaron las clases, en su mayor\u00eda con sistemas h\u00edbridos; es decir, con algunas asignaturas presenciales y otras en l\u00ednea.<\/p>\n\n\n\n<p>\u00abLa falta de educaci\u00f3n presencial en la sala de clases, no solo afecta la calidad de la educaci\u00f3n que reciben nuestros ni\u00f1os, que ha sido severamente afectada, tambi\u00e9n aumenta las brechas entre distintos grupos socioecon\u00f3micos\u00bb, dijo el presidente Sebasti\u00e1n Pi\u00f1era, al inaugurar el a\u00f1o escolar 2021.<\/p>\n\n\n\n<p>Las clases reinicia a dos d\u00edas de que se cumpla un a\u00f1o de la detecci\u00f3n del primer caso de coronavirus en Chile, con un acumulado de m\u00e1s de 829.000 contagios y m\u00e1s de 20.660 fallecidos.<\/p>\n\n\n\n<p>M\u00e1s del 50% de los 513.000 profesores y funcionarios de colegios recibieron ya la primera dosis de la vacuna, en el marco del exitoso proceso de vacunaci\u00f3n que lleva adelante Chile, que ha significado la inoculaci\u00f3n de m\u00e1s de 3,3 millones de personas hasta este lunes.<br>AFP<\/p>\n","protected":false},"excerpt":{"rendered":"<p>El Colegio de Profesores rechaza la vuelta a clases mientras los docentes no completen su vacunaci\u00f3n y se adopten otras medidas sanitarias Chile arranc\u00f3 este lunes el a\u00f1o escolar con la asistencia de solo un 5% de los estudiantes a las clases presenciales, luego de que las clases se desarrollaran en 2020 mayoritariamente de forma [&hellip;]<\/p>\n","protected":false},"author":2,"featured_media":190608,"comment_status":"closed","ping_status":"closed","sticky":false,"template":"","format":"standard","meta":{"footnotes":""},"categories":[8],"tags":[],"class_list":{"0":"post-191974","1":"post","2":"type-post","3":"status-publish","4":"format-standard","5":"has-post-thumbnail","7":"category-internacionales"},"_links":{"self":[{"href":"https:\/\/elluchador.info\/index.php?rest_route=\/wp\/v2\/posts\/191974","targetHints":{"allow":["GET"]}}],"collection":[{"href":"https:\/\/elluchador.info\/index.php?rest_route=\/wp\/v2\/posts"}],"about":[{"href":"https:\/\/elluchador.info\/index.php?rest_route=\/wp\/v2\/types\/post"}],"author":[{"embeddable":true,"href":"https:\/\/elluchador.info\/index.php?rest_route=\/wp\/v2\/users\/2"}],"replies":[{"embeddable":true,"href":"https:\/\/elluchador.info\/index.php?rest_route=%2Fwp%2Fv2%2Fcomments&post=191974"}],"version-history":[{"count":1,"href":"https:\/\/elluchador.info\/index.php?rest_route=\/wp\/v2\/posts\/191974\/revisions"}],"predecessor-version":[{"id":191975,"href":"https:\/\/elluchador.info\/index.php?rest_route=\/wp\/v2\/posts\/191974\/revisions\/191975"}],"wp:featuredmedia":[{"embeddable":true,"href":"https:\/\/elluchador.info\/index.php?rest_route=\/wp\/v2\/media\/190608"}],"wp:attachment":[{"href":"https:\/\/elluchador.info\/index.php?rest_route=%2Fwp%2Fv2%2Fmedia&parent=191974"}],"wp:term":[{"taxonomy":"category","embeddable":true,"href":"https:\/\/elluchador.info\/index.php?rest_route=%2Fwp%2Fv2%2Fcategories&post=191974"},{"taxonomy":"post_tag","embeddable":true,"href":"https:\/\/elluchador.info\/index.php?rest_route=%2Fwp%2Fv2%2Ftags&post=191974"}],"curies":[{"name":"wp","href":"https:\/\/api.w.org\/{rel}","templated":true}]}}