{"id":192735,"date":"2021-03-10T07:59:13","date_gmt":"2021-03-10T11:59:13","guid":{"rendered":"https:\/\/elluchador.info\/web\/?p=192735"},"modified":"2021-03-10T07:53:24","modified_gmt":"2021-03-10T11:53:24","slug":"trump-insiste-en-que-la-frontera-con-mexico-esta-hecha-un-desastre","status":"publish","type":"post","link":"https:\/\/elluchador.info\/?p=192735","title":{"rendered":"Trump insiste en que la frontera con M\u00e9xico est\u00e1 hecha un desastre"},"content":{"rendered":"\n<p>El expresidente de EE.UU. Donald Trump acus\u00f3 de nuevo al Gobierno de Joe Biden de causar un desastre en la frontera con M\u00e9xico, casi a la vez que la fiscal general de Florida, Ashley Moody, anunciaba una demanda judicial contra los responsables de inmigraci\u00f3n para neutralizar los cambios hechos en la pol\u00edtica migratoria.<\/p>\n\n\n\n<p>\u00abNuestro pa\u00eds est\u00e1 siendo destruido en la frontera sur, algo terrible de ver\u00bb, dijo Trump en un comunicado divulgado por su oficina desde Palm Beach (Florida) donde tiene su residencia.<\/p>\n\n\n\n<p>Trump afirm\u00f3 que cuando \u00e9l era presidente (hasta el pasado 20 de enero) la frontera con M\u00e9xico \u00abestaba en buena forma, m\u00e1s fuerte y m\u00e1s segura que nunca antes\u00bb y se hab\u00eda acabado con el \u00abfraude del asilo\u00bb y las detenciones seguidas de liberaciones y se hab\u00eda puesto en cintura a \u00abcontrabandistas, narcotraficantes y traficantes de personas\u00bb.<\/p>\n\n\n\n<p>El expresidente dijo que si no fuera por los retrasos que provocaron los dem\u00f3cratas desde el Congreso el muro ya estar\u00eda terminado y funcionando \u00abmagn\u00edficamente\u00bb.<\/p>\n\n\n\n<p><strong>UnionRadio <\/strong><\/p>\n","protected":false},"excerpt":{"rendered":"<p>El expresidente de EE.UU. Donald Trump acus\u00f3 de nuevo al Gobierno de Joe Biden de causar un desastre en la frontera con M\u00e9xico, casi a la vez que la fiscal general de Florida, Ashley Moody, anunciaba una demanda judicial contra los responsables de inmigraci\u00f3n para neutralizar los cambios hechos en la pol\u00edtica migratoria. \u00abNuestro pa\u00eds [&hellip;]<\/p>\n","protected":false},"author":2,"featured_media":192736,"comment_status":"closed","ping_status":"closed","sticky":false,"template":"","format":"standard","meta":{"footnotes":""},"categories":[5,8],"tags":[],"class_list":{"0":"post-192735","1":"post","2":"type-post","3":"status-publish","4":"format-standard","5":"has-post-thumbnail","7":"category-destacado","8":"category-internacionales"},"_links":{"self":[{"href":"https:\/\/elluchador.info\/index.php?rest_route=\/wp\/v2\/posts\/192735","targetHints":{"allow":["GET"]}}],"collection":[{"href":"https:\/\/elluchador.info\/index.php?rest_route=\/wp\/v2\/posts"}],"about":[{"href":"https:\/\/elluchador.info\/index.php?rest_route=\/wp\/v2\/types\/post"}],"author":[{"embeddable":true,"href":"https:\/\/elluchador.info\/index.php?rest_route=\/wp\/v2\/users\/2"}],"replies":[{"embeddable":true,"href":"https:\/\/elluchador.info\/index.php?rest_route=%2Fwp%2Fv2%2Fcomments&post=192735"}],"version-history":[{"count":1,"href":"https:\/\/elluchador.info\/index.php?rest_route=\/wp\/v2\/posts\/192735\/revisions"}],"predecessor-version":[{"id":192737,"href":"https:\/\/elluchador.info\/index.php?rest_route=\/wp\/v2\/posts\/192735\/revisions\/192737"}],"wp:featuredmedia":[{"embeddable":true,"href":"https:\/\/elluchador.info\/index.php?rest_route=\/wp\/v2\/media\/192736"}],"wp:attachment":[{"href":"https:\/\/elluchador.info\/index.php?rest_route=%2Fwp%2Fv2%2Fmedia&parent=192735"}],"wp:term":[{"taxonomy":"category","embeddable":true,"href":"https:\/\/elluchador.info\/index.php?rest_route=%2Fwp%2Fv2%2Fcategories&post=192735"},{"taxonomy":"post_tag","embeddable":true,"href":"https:\/\/elluchador.info\/index.php?rest_route=%2Fwp%2Fv2%2Ftags&post=192735"}],"curies":[{"name":"wp","href":"https:\/\/api.w.org\/{rel}","templated":true}]}}