{"id":192949,"date":"2021-03-12T23:10:42","date_gmt":"2021-03-13T03:10:42","guid":{"rendered":"https:\/\/elluchador.info\/web\/?p=192949"},"modified":"2021-03-12T23:05:46","modified_gmt":"2021-03-13T03:05:46","slug":"asesinan-a-dirigente-del-psuv-presuntamente-tras-ser-elegido-como-jefe-del-clap","status":"publish","type":"post","link":"https:\/\/elluchador.info\/?p=192949","title":{"rendered":"Asesinan a dirigente del Psuv presuntamente tras ser elegido como jefe del Clap"},"content":{"rendered":"\n<p>Autoridades presumen que el crimen tenga que ver con su reciente elecci\u00f3n como jefe del Clap en esa comunidad.<\/p>\n\n\n\n<p>Como Juan Mart\u00ednez, de 31 a\u00f1os, fue identificado el dirigente del Psuv, que fue asesinado este jueves 11 de marzo en el sector Las Palmitas, de Valencia, estado Carabobo.<\/p>\n\n\n\n<p>De acuerdo a la informaci\u00f3n proporcionada por la periodista Heberlizeth Gonz\u00e1lez, Mart\u00ednez fue arrastrado fuera de su casa mientras dorm\u00eda. Presumen que el hecho habr\u00eda sido materializado por miembros de la banda \u201cEl Beb\u00e9\u201d.<\/p>\n\n\n\n<p>Mart\u00ednez fue candidato a diputado en las parlamentarias, asistente parlamentario y formaba parte de la estructura de la juventud del Psuv en Valencia. Seg\u00fan sus conocidos, el hombre, de 31 a\u00f1os, era muy querido por su labor social en comunidades de la entidad carabobe\u00f1a.<\/p>\n\n\n\n<figure class=\"wp-block-embed-twitter wp-block-embed is-type-rich is-provider-twitter\"><div class=\"wp-block-embed__wrapper\">\n<blockquote class=\"twitter-tweet\" data-width=\"550\" data-dnt=\"true\"><p lang=\"es\" dir=\"ltr\"><a href=\"https:\/\/twitter.com\/hashtag\/12Mar?src=hash&amp;ref_src=twsrc%5Etfw\">#12Mar<\/a> Juan Mart\u00ednez fue asesinado ayer en Las Palmitas. Lo sacaron de su casa mientras dorm\u00eda. Autoridades presumen que el crimen tenga que ver con su reciente elecci\u00f3n como jefe del Clap en esa comunidad. Aparentemente, detr\u00e1s del hecho estar\u00edan miembros de la banda &quot;El Bebe&quot; <a href=\"https:\/\/t.co\/YgF1UuyT3i\">pic.twitter.com\/YgF1UuyT3i<\/a><\/p>&mdash; Heberlizeth Gonz\u00e1lez (@Heberlizeth) <a href=\"https:\/\/twitter.com\/Heberlizeth\/status\/1370500787789570053?ref_src=twsrc%5Etfw\">March 12, 2021<\/a><\/blockquote><script async src=\"https:\/\/platform.twitter.com\/widgets.js\" charset=\"utf-8\"><\/script>\n<\/div><\/figure>\n\n\n\n<p>0800 Noticias <\/p>\n","protected":false},"excerpt":{"rendered":"<p>Autoridades presumen que el crimen tenga que ver con su reciente elecci\u00f3n como jefe del Clap en esa comunidad. Como Juan Mart\u00ednez, de 31 a\u00f1os, fue identificado el dirigente del Psuv, que fue asesinado este jueves 11 de marzo en el sector Las Palmitas, de Valencia, estado Carabobo. De acuerdo a la informaci\u00f3n proporcionada por [&hellip;]<\/p>\n","protected":false},"author":2,"featured_media":192950,"comment_status":"closed","ping_status":"closed","sticky":false,"template":"","format":"standard","meta":{"footnotes":""},"categories":[5,13],"tags":[],"class_list":{"0":"post-192949","1":"post","2":"type-post","3":"status-publish","4":"format-standard","5":"has-post-thumbnail","7":"category-destacado","8":"category-sucesos"},"_links":{"self":[{"href":"https:\/\/elluchador.info\/index.php?rest_route=\/wp\/v2\/posts\/192949","targetHints":{"allow":["GET"]}}],"collection":[{"href":"https:\/\/elluchador.info\/index.php?rest_route=\/wp\/v2\/posts"}],"about":[{"href":"https:\/\/elluchador.info\/index.php?rest_route=\/wp\/v2\/types\/post"}],"author":[{"embeddable":true,"href":"https:\/\/elluchador.info\/index.php?rest_route=\/wp\/v2\/users\/2"}],"replies":[{"embeddable":true,"href":"https:\/\/elluchador.info\/index.php?rest_route=%2Fwp%2Fv2%2Fcomments&post=192949"}],"version-history":[{"count":1,"href":"https:\/\/elluchador.info\/index.php?rest_route=\/wp\/v2\/posts\/192949\/revisions"}],"predecessor-version":[{"id":192951,"href":"https:\/\/elluchador.info\/index.php?rest_route=\/wp\/v2\/posts\/192949\/revisions\/192951"}],"wp:featuredmedia":[{"embeddable":true,"href":"https:\/\/elluchador.info\/index.php?rest_route=\/wp\/v2\/media\/192950"}],"wp:attachment":[{"href":"https:\/\/elluchador.info\/index.php?rest_route=%2Fwp%2Fv2%2Fmedia&parent=192949"}],"wp:term":[{"taxonomy":"category","embeddable":true,"href":"https:\/\/elluchador.info\/index.php?rest_route=%2Fwp%2Fv2%2Fcategories&post=192949"},{"taxonomy":"post_tag","embeddable":true,"href":"https:\/\/elluchador.info\/index.php?rest_route=%2Fwp%2Fv2%2Ftags&post=192949"}],"curies":[{"name":"wp","href":"https:\/\/api.w.org\/{rel}","templated":true}]}}