{"id":192966,"date":"2021-03-13T12:38:56","date_gmt":"2021-03-13T16:38:56","guid":{"rendered":"https:\/\/elluchador.info\/web\/?p=192966"},"modified":"2021-03-13T12:25:27","modified_gmt":"2021-03-13T16:25:27","slug":"policia-de-bolivia-captura-a-la-expresidenta-de-facto-jeanine-anez","status":"publish","type":"post","link":"https:\/\/elluchador.info\/?p=192966","title":{"rendered":"Polic\u00eda de Bolivia captura a la expresidenta &#8216;de facto&#8217;  Jeanine \u00c1\u00f1ez"},"content":{"rendered":"\n<p>La expresidenta &#8216;de facto&#8217; de Bolivia, Jeanine \u00c1\u00f1ez, fue detenida este s\u00e1bado por las autoridades en Trinidad, capital del departamento del Beni, en el marco de la orden de aprehensi\u00f3n en su contra por el caso del golpe de Estado contra el exmandatario Evo Morales, perpetrado en noviembre de 2019.<\/p>\n\n\n\n<p>La noticia fue confirmada por el ministro del Gobierno, Eduardo Del Castillo, a trav\u00e9s de su cuenta en Twitter. \u00abInformo al pueblo boliviano que la se\u00f1ora Jeanine A\u00f1ez ya fue aprehendida y en este momento se encuentra en manos de la Polic\u00eda\u00bb, escribi\u00f3.<\/p>\n\n\n\n<p>Tras su aprehensi\u00f3n, \u00c1\u00f1ez denunci\u00f3 que ha sido v\u00edctima de \u00ababuso y persecuci\u00f3n pol\u00edtica\u00bb. \u00abDenuncio ante Bolivia y el mundo, que en un acto de abuso y persecuci\u00f3n pol\u00edtica el Gobierno del MAS me ha mandado arrestar. Me acusa de haber participado en un golpe de Estado que nunca ocurri\u00f3. Mis oraciones por Bolivia y por todos los bolivianos\u00bb, escribi\u00f3 la exmandataria &#8216;de facto&#8217; en su cuenta de Twitter.<\/p>\n\n\n\n<p>El Gobierno boliviano, por su parte, asegur\u00f3 que no existe ning\u00fan tipo de \u00abpersecuci\u00f3n pol\u00edtica\u00bb contra \u00c1\u00f1ez.<\/p>\n\n\n\n<p>La Fiscal\u00eda Departamental de La Paz gir\u00f3 \u00f3rdenes de aprehensi\u00f3n por los delitos de \u00abterrorismo, sedici\u00f3n y conspiraci\u00f3n\u00bb, en contra de \u00c1\u00f1ez y sus exministros Arturo Murillo (Gobierno); Luis Fernando L\u00f3pez (Defensa); \u00c1lvaro Coimbra (Justicia); y Rodrigo Guzm\u00e1n (Energ\u00edas).<\/p>\n\n\n\n<p>Asimismo, se orden\u00f3 aprehender a Palmiro Jarjuri, quien era comandante de la Armada; Jorge Gonzalo Terceros, excomandante de la Fuerza A\u00e9rea; y el general Gonzalo Mendieta, excomandante del Ej\u00e9rcito.<\/p>\n\n\n\n<p>El mi\u00e9rcoles 10 de marzo, las autoridades detuvieron al exl\u00edder militar Flavio Arce San Mart\u00edn, quien se desempe\u00f1aba como jefe del Estado Mayor del Ej\u00e9rcito de Bolivia cuando se produjo el golpe contra Morales.<\/p>\n\n\n\n<p>Mientras que la ma\u00f1ana del viernes, la Polic\u00eda ejecut\u00f3 las \u00f3rdenes de captura contra los exministros Coimbra y Guzm\u00e1n,&nbsp; detenidos en Trinidad, departamento de Beni, en el centro-norte del pa\u00eds.<\/p>\n\n\n\n<p>La investigaci\u00f3n radicada en la Fiscal\u00eda de La Paz responde a una denuncia presentada por la exdiputada Lidia Patty, quien acus\u00f3 al opositor Luis Fernando Camacho, as\u00ed como a exjefes militares o policiales, por los sucesos que llevaron a la renuncia de Morales.<\/p>\n\n\n\n<p><strong>El golpe de Estado<\/strong><\/p>\n\n\n\n<p>Tras las elecciones del 20 de octubre de 2019, en donde Evo Morales obtuvo una ventaja de m\u00e1s de 10 puntos sobre su principal contendiente, Carlos Mesa, la Organizaci\u00f3n de Estados Americanos (OEA) public\u00f3 un pol\u00e9mico informe preliminar argumentando presuntas irregularidades en el proceso, y el titular del organismo, Luis Almagro, llam\u00f3 a anular los comicios.<\/p>\n\n\n\n<p>En medio de las fuertes protestas en Bolivia tras los resultados electorales, Morales anunci\u00f3 unos nuevos comicios. No obstante, la presi\u00f3n de las Fuerzas Armadas y de la Polic\u00eda Nacional lo obligaron a renunciar a la Presidencia el 10 de noviembre de 2019.<\/p>\n\n\n\n<p>Tras el golpe de Estado, Morales huy\u00f3 a M\u00e9xico para salvar su vida y \u00c1\u00f1ez, quien en ese momento era la exsegunda vicepresidenta del Senado de Bolivia, se autoproclam\u00f3 presidenta interina del pa\u00eds, en una sesi\u00f3n legislativa sin quorum.<\/p>\n\n\n\n<p><strong>Reacciones<\/strong><\/p>\n\n\n\n<p>Pese al golpe de Estado y su autoproclamaci\u00f3n como presidenta interina, \u00c1\u00f1ez apunt\u00f3 este viernes que se trat\u00f3 de \u00abuna sucesi\u00f3n constitucional debido a un fraude electoral\u00bb.<\/p>\n\n\n\n<p>En ese sentido se expres\u00f3 el expresidente del Comit\u00e9 Pro Santa Cruz y actual gobernador electo del departamento, Luis Fernando Camacho, quien fue uno de los impulsores del golpe de Estado contra Morales en noviembre de 2019.<\/p>\n\n\n\n<p>En una carta dirigida al presidente boliviano Luis Arce, Camacho neg\u00f3 el golpe de Estado contra Morales y advirti\u00f3 en nombre del pueblo cruce\u00f1o, que \u00abno se quedar\u00e1 de brazos cruzados ante el abuso\u00bb y que combatir\u00e1 con todas sus fuerzas el \u00abamedrentamiento\u00bb y la \u00abpersecuci\u00f3n\u00bb.&nbsp;<\/p>\n\n\n\n<p>El opositor Carlos Mesa, de Comunidad Ciudadana (CC), quien perdi\u00f3 la elecci\u00f3n contra Morales y aliment\u00f3 las sospechas infundadas de un fraude electoral, tambi\u00e9n denunci\u00f3 un supuesto \u00abproceso brutal y arbitrario de persecuci\u00f3n pol\u00edtica\u00bb por parte de la Administraci\u00f3n de Arce.<\/p>\n\n\n\n<p><strong>\u00abNi perd\u00f3n, ni olvido\u00bb<\/strong><\/p>\n\n\n\n<p>Por su parte, el exsecretario ejecutivo de la Comisi\u00f3n Interamericana de Derechos Humanos (CIDH), Paulo Abr\u00e3o, tambi\u00e9n hizo referencia a las \u00f3rdenes de aprehensi\u00f3n de la Fiscal\u00eda boliviana, en el marco del caso del golpe de Estado.<\/p>\n\n\n\n<p>\u00abNi perd\u00f3n, ni olvido. Atentar contra la democracia requiere las respuestas m\u00e1s fuertes y contundentes por parte del Sistema de Justicia como efectiva garant\u00eda para la no repetici\u00f3n\u00bb, tuite\u00f3 Abr\u00e3o, agregando que la sociedad boliviana \u00abva construyendo un ejemplo contra las nuevas formas de autoritarismo\u00bb.<\/p>\n\n\n\n<p><strong>RT<\/strong><\/p>\n","protected":false},"excerpt":{"rendered":"<p>La expresidenta &#8216;de facto&#8217; de Bolivia, Jeanine \u00c1\u00f1ez, fue detenida este s\u00e1bado por las autoridades en Trinidad, capital del departamento del Beni, en el marco de la orden de aprehensi\u00f3n en su contra por el caso del golpe de Estado contra el exmandatario Evo Morales, perpetrado en noviembre de 2019. La noticia fue confirmada por [&hellip;]<\/p>\n","protected":false},"author":2,"featured_media":192967,"comment_status":"closed","ping_status":"closed","sticky":false,"template":"","format":"standard","meta":{"footnotes":""},"categories":[8,13],"tags":[],"class_list":{"0":"post-192966","1":"post","2":"type-post","3":"status-publish","4":"format-standard","5":"has-post-thumbnail","7":"category-internacionales","8":"category-sucesos"},"_links":{"self":[{"href":"https:\/\/elluchador.info\/index.php?rest_route=\/wp\/v2\/posts\/192966","targetHints":{"allow":["GET"]}}],"collection":[{"href":"https:\/\/elluchador.info\/index.php?rest_route=\/wp\/v2\/posts"}],"about":[{"href":"https:\/\/elluchador.info\/index.php?rest_route=\/wp\/v2\/types\/post"}],"author":[{"embeddable":true,"href":"https:\/\/elluchador.info\/index.php?rest_route=\/wp\/v2\/users\/2"}],"replies":[{"embeddable":true,"href":"https:\/\/elluchador.info\/index.php?rest_route=%2Fwp%2Fv2%2Fcomments&post=192966"}],"version-history":[{"count":1,"href":"https:\/\/elluchador.info\/index.php?rest_route=\/wp\/v2\/posts\/192966\/revisions"}],"predecessor-version":[{"id":192968,"href":"https:\/\/elluchador.info\/index.php?rest_route=\/wp\/v2\/posts\/192966\/revisions\/192968"}],"wp:featuredmedia":[{"embeddable":true,"href":"https:\/\/elluchador.info\/index.php?rest_route=\/wp\/v2\/media\/192967"}],"wp:attachment":[{"href":"https:\/\/elluchador.info\/index.php?rest_route=%2Fwp%2Fv2%2Fmedia&parent=192966"}],"wp:term":[{"taxonomy":"category","embeddable":true,"href":"https:\/\/elluchador.info\/index.php?rest_route=%2Fwp%2Fv2%2Fcategories&post=192966"},{"taxonomy":"post_tag","embeddable":true,"href":"https:\/\/elluchador.info\/index.php?rest_route=%2Fwp%2Fv2%2Ftags&post=192966"}],"curies":[{"name":"wp","href":"https:\/\/api.w.org\/{rel}","templated":true}]}}