{"id":193341,"date":"2021-03-19T16:22:24","date_gmt":"2021-03-19T20:22:24","guid":{"rendered":"https:\/\/elluchador.info\/web\/?p=193341"},"modified":"2021-03-19T16:13:34","modified_gmt":"2021-03-19T20:13:34","slug":"minec-bolivar-y-secretaria-de-ambiente-liberaron-una-pereza-en-parque-la-llovizna","status":"publish","type":"post","link":"https:\/\/elluchador.info\/?p=193341","title":{"rendered":"Minec Bol\u00edvar y Secretar\u00eda de Ambiente liberaron una pereza en parque La Llovizna"},"content":{"rendered":"\n<p>Este viernes 19 de marzo fue liberada una pereza en espacios del parque La Llovizna en Ciudad Guayana, luego de que una familia se comunicara con las autoridades regionales del Ministerio del poder popular para el Ecosocialismo (Minec Bol\u00edvar) y Secretar\u00eda de Ambiente de la Gobernaci\u00f3n del estado Bol\u00edvar.<\/p>\n\n\n\n<p>As\u00ed lo inform\u00f3 el director regional de Minec Bol\u00edvar y secretario de Ambiente regional, Jessiel Gasc\u00f3n, quien explic\u00f3 que mediante comunicaci\u00f3n v\u00eda telef\u00f3nica y redes sociales, una familia guayanesa le inform\u00f3 que ten\u00edan en resguardo a una pereza, que hab\u00edan rescatado de manos de un vendedor y de personas irresponsables.<\/p>\n\n\n\n<p>Gasc\u00f3n explic\u00f3 que previa coordinaci\u00f3n con la directora de Parques del estado Bol\u00edvar, Bonavelli Cohen, guardaparques del Instituto Nacional de Parques de Venezuela (Inparques), equipos de Minec Bol\u00edvar y Secretar\u00eda de Ambiente, acordaron la liberaci\u00f3n del animal este viernes.<\/p>\n\n\n\n<p>\u201cAgradecemos el gesto noble y amoroso de esta familia guayanesa, quienes de forma valiente rescataron a este animal indefenso, de manos de personas irresponsables que a trav\u00e9s de acciones sin medidas, le hacen da\u00f1o al ambiente y a su biodiversidad.<\/p>\n\n\n\n<p>Este viernes estuvimos contentos de recibirlos en el parque La Llovizna de Ciudad Guayana, para llevar a cabo este acto de liberaci\u00f3n, que m\u00e1s que una liberaci\u00f3n, es un gesto de amor, porque devolvimos a la pereza a su medio de vida\u201d.<\/p>\n\n\n\n<figure class=\"wp-block-image size-large\"><img loading=\"lazy\" decoding=\"async\" width=\"1024\" height=\"769\" src=\"https:\/\/elluchador.info\/web\/wp-content\/uploads\/2021\/03\/04-2-1024x769.jpg\" alt=\"\" class=\"wp-image-193342\" srcset=\"https:\/\/elluchador.info\/wp-content\/uploads\/2021\/03\/04-2-1024x769.jpg 1024w, https:\/\/elluchador.info\/wp-content\/uploads\/2021\/03\/04-2-300x225.jpg 300w, https:\/\/elluchador.info\/wp-content\/uploads\/2021\/03\/04-2-768x577.jpg 768w, https:\/\/elluchador.info\/wp-content\/uploads\/2021\/03\/04-2.jpg 1079w\" sizes=\"auto, (max-width: 1024px) 100vw, 1024px\" \/><figcaption><strong>Minec Bol\u00edvar y Secretar\u00eda de Ambiente regional llaman a la conciencia ambiental del ser humano para cuidar la biodiversidad<\/strong><\/figcaption><\/figure>\n\n\n\n<p><strong>Con amor y decisi\u00f3n<\/strong><\/p>\n\n\n\n<p>Gasc\u00f3n destac\u00f3 que desde Minec Bol\u00edvar y Secretar\u00eda de Ambiente regional, trabajan con amor y decisi\u00f3n para defender y proteger el medio ambiente y su biodiversidad. Llam\u00f3 a las personas a la m\u00e1xima conciencia, a no atentar contra la flora y la fauna, porque eso representa un da\u00f1o para la vida, \u201cporque eso es el ambiente y la naturaleza; vida\u201d.<\/p>\n\n\n\n<p>\u201cNos sentimos felices de haber recibido a esta familia en el parque La Llovizna y de saber que a\u00fan hay gente noble, que quiere, respeta y est\u00e1 dispuesta a cuidar el ambiente. Pedimos a la colectividad que ante cualquier situaci\u00f3n de este tipo se comunique con nosotros y con las autoridades, para inmediatamente actuar con los mecanismos necesarios para brindar garant\u00edas de vida a estos animales.<\/p>\n\n\n\n<p><strong>Gesto bondadoso&nbsp;&nbsp;<\/strong><\/p>\n\n\n\n<p>Por su parte, Bonavelli Cohen, directora de Parques de la Gobernaci\u00f3n del estado Bol\u00edvar, se mostr\u00f3 contenta y emocionada, tanto por la iniciativa de esta familia, como por recibir a este animal que describi\u00f3 como hermoso, noble e indefenso.<\/p>\n\n\n\n<p>Dijo que al llegar al parque La Llovizna, la pereza, percibi\u00f3 el aroma e inmediatamente se adentr\u00f3 a su ambiente, a desplazarse por los \u00e1rboles, mientras se alimentaba de yagrumo, planta que es su alimento favorito.<\/p>\n\n\n\n<p>\u201cTodos est\u00e1bamos emocionados al ver la actitud de la pereza al llegar al parque La Llovizna, cada integrante familiar se mostr\u00f3 contento y feliz por haber contribuido a darle su h\u00e1bitat natural. Desde la Secretar\u00eda de Ambiente regional y Minec Bol\u00edvar, estamos satisfechos de poder contar con este nuevo miembro de la gran familia del parque La Llovizna\u201d.<\/p>\n\n\n\n<p>Minec Bol\u00edvar<\/p>\n","protected":false},"excerpt":{"rendered":"<p>Este viernes 19 de marzo fue liberada una pereza en espacios del parque La Llovizna en Ciudad Guayana, luego de que una familia se comunicara con las autoridades regionales del Ministerio del poder popular para el Ecosocialismo (Minec Bol\u00edvar) y Secretar\u00eda de Ambiente de la Gobernaci\u00f3n del estado Bol\u00edvar. As\u00ed lo inform\u00f3 el director regional [&hellip;]<\/p>\n","protected":false},"author":2,"featured_media":193344,"comment_status":"closed","ping_status":"closed","sticky":false,"template":"","format":"standard","meta":{"footnotes":""},"categories":[5,12],"tags":[],"class_list":{"0":"post-193341","1":"post","2":"type-post","3":"status-publish","4":"format-standard","5":"has-post-thumbnail","7":"category-destacado","8":"category-regionales"},"_links":{"self":[{"href":"https:\/\/elluchador.info\/index.php?rest_route=\/wp\/v2\/posts\/193341","targetHints":{"allow":["GET"]}}],"collection":[{"href":"https:\/\/elluchador.info\/index.php?rest_route=\/wp\/v2\/posts"}],"about":[{"href":"https:\/\/elluchador.info\/index.php?rest_route=\/wp\/v2\/types\/post"}],"author":[{"embeddable":true,"href":"https:\/\/elluchador.info\/index.php?rest_route=\/wp\/v2\/users\/2"}],"replies":[{"embeddable":true,"href":"https:\/\/elluchador.info\/index.php?rest_route=%2Fwp%2Fv2%2Fcomments&post=193341"}],"version-history":[{"count":1,"href":"https:\/\/elluchador.info\/index.php?rest_route=\/wp\/v2\/posts\/193341\/revisions"}],"predecessor-version":[{"id":193345,"href":"https:\/\/elluchador.info\/index.php?rest_route=\/wp\/v2\/posts\/193341\/revisions\/193345"}],"wp:featuredmedia":[{"embeddable":true,"href":"https:\/\/elluchador.info\/index.php?rest_route=\/wp\/v2\/media\/193344"}],"wp:attachment":[{"href":"https:\/\/elluchador.info\/index.php?rest_route=%2Fwp%2Fv2%2Fmedia&parent=193341"}],"wp:term":[{"taxonomy":"category","embeddable":true,"href":"https:\/\/elluchador.info\/index.php?rest_route=%2Fwp%2Fv2%2Fcategories&post=193341"},{"taxonomy":"post_tag","embeddable":true,"href":"https:\/\/elluchador.info\/index.php?rest_route=%2Fwp%2Fv2%2Ftags&post=193341"}],"curies":[{"name":"wp","href":"https:\/\/api.w.org\/{rel}","templated":true}]}}