{"id":193412,"date":"2021-03-20T11:45:09","date_gmt":"2021-03-20T15:45:09","guid":{"rendered":"https:\/\/elluchador.info\/web\/?p=193412"},"modified":"2021-03-20T11:20:37","modified_gmt":"2021-03-20T15:20:37","slug":"justicia-boliviana-autoriza-traslado-de-jeanine-anez-a-clinica-de-la-paz","status":"publish","type":"post","link":"https:\/\/elluchador.info\/?p=193412","title":{"rendered":"Justicia Boliviana autoriza traslado de Jeanine \u00c1\u00f1ez a cl\u00ednica de La Paz"},"content":{"rendered":"\n<p>La Justicia de Bolivia autoriz\u00f3 este viernes el traslado \u00abde inmediato\u00bb de la expresidenta de facto Jeanine \u00c1\u00f1ez, detenida bajo cargos relacionados con el golpe de Estado contra Evo Morales, a una cl\u00ednica de la Paz, para que sea atendida por un cuadro de hipertensi\u00f3n.<\/p>\n\n\n\n<p>El pedido fue realizado por la hija de \u00c1\u00f1ez, Carolina Ribera, y admitido por el Tribunal D\u00e9cimo de Sentencia de la capital boliviana, constituido en Tribunal de Garant\u00edas Constitucionales. Se trata de una \u00abacci\u00f3n de libertad\u00bb, un recurso judicial similar al &#8216;habeas corpus&#8217;.<\/p>\n\n\n\n<p>Este mi\u00e9rcoles, la exmandataria pidi\u00f3 ser trasladada desde el penal de Obrajes, donde cumple prisi\u00f3n preventiva, a una cl\u00ednica, debido&nbsp; a una \u00abdescompensaci\u00f3n\u00bb por la hipertensi\u00f3n que padece.<\/p>\n\n\n\n<p>Sin embargo, las autoridades penitenciarias no lo consideraron necesario y la exsenadora conservadora, de 53 a\u00f1os, recibi\u00f3 atenci\u00f3n medica en el mismo presidio.<\/p>\n\n\n\n<p>Ayer jueves, entre tanto, la presidenta de la Asamblea Permanente de Derechos Humanos (APDHB), Amparo Carvajal, visit\u00f3 a la exlegisladora y dijo que se encontraba \u00abmuy mal\u00bb y \u00aben huelga de hambre\u00bb, afirmaciones que luego fueron desmentidas oficialmente por la Direcci\u00f3n General de R\u00e9gimen Penitenciario de Bolivia.<\/p>\n\n\n\n<p>La semana pasada, la Justicia boliviana orden\u00f3 la prisi\u00f3n preventiva de \u00c1\u00f1ez por cuatro meses, bajo los cargos de \u00abterrorismo, sedici\u00f3n y conspiraci\u00f3n\u00bb. La captura se produjo el s\u00e1bado, y el lunes fue trasladada al penal de mujeres de Obrajes, La Paz.<\/p>\n\n\n\n<p>Tambi\u00e9n fueron detenidos varios de sus exministros, por su presunta participaci\u00f3n en el violento derrocamiento del l\u00edder del Movimiento al Socialismo (MAS), ocurrido en noviembre de 2019.<\/p>\n\n\n\n<p><strong>RT<\/strong><\/p>\n","protected":false},"excerpt":{"rendered":"<p>La Justicia de Bolivia autoriz\u00f3 este viernes el traslado \u00abde inmediato\u00bb de la expresidenta de facto Jeanine \u00c1\u00f1ez, detenida bajo cargos relacionados con el golpe de Estado contra Evo Morales, a una cl\u00ednica de la Paz, para que sea atendida por un cuadro de hipertensi\u00f3n. El pedido fue realizado por la hija de \u00c1\u00f1ez, Carolina [&hellip;]<\/p>\n","protected":false},"author":2,"featured_media":193414,"comment_status":"closed","ping_status":"closed","sticky":false,"template":"","format":"standard","meta":{"footnotes":""},"categories":[5,8],"tags":[],"class_list":{"0":"post-193412","1":"post","2":"type-post","3":"status-publish","4":"format-standard","5":"has-post-thumbnail","7":"category-destacado","8":"category-internacionales"},"_links":{"self":[{"href":"https:\/\/elluchador.info\/index.php?rest_route=\/wp\/v2\/posts\/193412","targetHints":{"allow":["GET"]}}],"collection":[{"href":"https:\/\/elluchador.info\/index.php?rest_route=\/wp\/v2\/posts"}],"about":[{"href":"https:\/\/elluchador.info\/index.php?rest_route=\/wp\/v2\/types\/post"}],"author":[{"embeddable":true,"href":"https:\/\/elluchador.info\/index.php?rest_route=\/wp\/v2\/users\/2"}],"replies":[{"embeddable":true,"href":"https:\/\/elluchador.info\/index.php?rest_route=%2Fwp%2Fv2%2Fcomments&post=193412"}],"version-history":[{"count":1,"href":"https:\/\/elluchador.info\/index.php?rest_route=\/wp\/v2\/posts\/193412\/revisions"}],"predecessor-version":[{"id":193415,"href":"https:\/\/elluchador.info\/index.php?rest_route=\/wp\/v2\/posts\/193412\/revisions\/193415"}],"wp:featuredmedia":[{"embeddable":true,"href":"https:\/\/elluchador.info\/index.php?rest_route=\/wp\/v2\/media\/193414"}],"wp:attachment":[{"href":"https:\/\/elluchador.info\/index.php?rest_route=%2Fwp%2Fv2%2Fmedia&parent=193412"}],"wp:term":[{"taxonomy":"category","embeddable":true,"href":"https:\/\/elluchador.info\/index.php?rest_route=%2Fwp%2Fv2%2Fcategories&post=193412"},{"taxonomy":"post_tag","embeddable":true,"href":"https:\/\/elluchador.info\/index.php?rest_route=%2Fwp%2Fv2%2Ftags&post=193412"}],"curies":[{"name":"wp","href":"https:\/\/api.w.org\/{rel}","templated":true}]}}