{"id":193419,"date":"2021-03-20T11:55:54","date_gmt":"2021-03-20T15:55:54","guid":{"rendered":"https:\/\/elluchador.info\/web\/?p=193419"},"modified":"2021-03-20T11:37:05","modified_gmt":"2021-03-20T15:37:05","slug":"primer-ministro-de-pakistan-da-positivo-por-covid-19-tras-vacunarse","status":"publish","type":"post","link":"https:\/\/elluchador.info\/?p=193419","title":{"rendered":"Primer ministro de Pakist\u00e1n da positivo por Covid-19 tras vacunarse"},"content":{"rendered":"\n<p>El primer ministro de Pakist\u00e1n, Imran Khan, contrajo el coronavirus a penas dos d\u00edas despu\u00e9s de recibir la vacuna china Sinopharm y permanece en aislamiento, indic\u00f3 este s\u00e1bado el ministro de Salud paquistan\u00ed, Faisal Sultan.<\/p>\n\n\n\n<p>\u00abEl primer ministro, Imran Khan, dio positivo por la Covid-19 y se est\u00e1 aislando en su domicilio\u00bb, dijo Sultan en la red social Twitter, sin aportar m\u00e1s detalles sobre el estado de salud del dirigente paquistan\u00ed, rese\u00f1\u00f3 EFE.<\/p>\n\n\n\n<p>Khan recibi\u00f3 la vacuna china Sinopharm el pasado jueves, la \u00fanica disponible en el pa\u00eds por el momento.<\/p>\n\n\n\n<p>El Ministerio de Salud afirm\u00f3 en Twitter que \u00abKhan no estaba completamente vacunado cuando contrajo el virus. S\u00f3lo obtuvo la primera dosis hace dos d\u00edas, lo que es muy pronto para que cualquier vacuna sea efectiva\u00bb.<\/p>\n\n\n\n<p>El organismo a\u00f1adi\u00f3 que \u00ablos anticuerpos se desarrollan dos o tres semanas tras la segunda dosis, en las vacunas contra el coronavirus de dos dosis\u00bb, antes de concluir el mensaje con la etiqueta \u00ab#lasvacunascuran\u00bb.<\/p>\n\n\n\n<p>El contagio de Khan llega en medio de una pol\u00e9mica en el pa\u00eds asi\u00e1tico porque a principios de mes muchos pol\u00edticos congregados en la Asamblea Nacional (NA, c\u00e1mara baja) decidieron no portar m\u00e1scaras mientras votaban para elegir a nuevos miembros del Senado.<\/p>\n\n\n\n<p>\u00abDesde el primer ministro, Imran Khan, al l\u00edder de la oposici\u00f3n, Shehbaz Sharif, abandonar las m\u00e1scaras parece ser una decisi\u00f3n bipartidista. Es como si se hubiesen reunido en secreto antes de la elecci\u00f3n y hecho un pacto de sangre: \u00a1Todos para uno y coronavirus para todos!\u00bb, denunci\u00f3 hace dos semanas el diario Dawn, el m\u00e1s prestigioso del pa\u00eds en ingl\u00e9s, en un editorial.<\/p>\n\n\n\n<p>Pero m\u00e1s all\u00e1 de esta pol\u00e9mica, Pakist\u00e1n ha experimentado en los \u00faltimos d\u00edas un repunte en el n\u00famero de casos de coronavirus despu\u00e9s de que los mejores datos de las \u00faltimas semanas llevaran al Gobierno a levantar parte de las limitaciones impuestas por la enfermedad, como la reapertura de colegios.<\/p>\n\n\n\n<p>En las \u00faltimas 24 horas, el pa\u00eds ha registrado 3.876 nuevas infecciones, elevando el n\u00famero total de casos desde el inicio de la pandemia hasta los 623.135, seg\u00fan datos del Ministerio de Salud paquistan\u00ed.<\/p>\n\n\n\n<p>Adem\u00e1s, 13.799 personas han perdido la vida debido a la Covid-19, 42 en la \u00faltima jornada.<\/p>\n\n\n\n<p>Estos n\u00fameros, aunque lejanos al pico de m\u00e1s de 6.800 infecciones registradas en julio de 2020, contrastan con los apenas mil casos diarios registrados a mediados del pasado febrero. En respuesta, las autoridades de Islamabad decidieron esta semana imponer restricciones a los horarios de apertura de restaurantes.<\/p>\n\n\n\n<p><strong>El Universal<\/strong><\/p>\n","protected":false},"excerpt":{"rendered":"<p>El primer ministro de Pakist\u00e1n, Imran Khan, contrajo el coronavirus a penas dos d\u00edas despu\u00e9s de recibir la vacuna china Sinopharm y permanece en aislamiento, indic\u00f3 este s\u00e1bado el ministro de Salud paquistan\u00ed, Faisal Sultan. \u00abEl primer ministro, Imran Khan, dio positivo por la Covid-19 y se est\u00e1 aislando en su domicilio\u00bb, dijo Sultan en [&hellip;]<\/p>\n","protected":false},"author":2,"featured_media":193421,"comment_status":"closed","ping_status":"closed","sticky":false,"template":"","format":"standard","meta":{"footnotes":""},"categories":[8],"tags":[],"class_list":{"0":"post-193419","1":"post","2":"type-post","3":"status-publish","4":"format-standard","5":"has-post-thumbnail","7":"category-internacionales"},"_links":{"self":[{"href":"https:\/\/elluchador.info\/index.php?rest_route=\/wp\/v2\/posts\/193419","targetHints":{"allow":["GET"]}}],"collection":[{"href":"https:\/\/elluchador.info\/index.php?rest_route=\/wp\/v2\/posts"}],"about":[{"href":"https:\/\/elluchador.info\/index.php?rest_route=\/wp\/v2\/types\/post"}],"author":[{"embeddable":true,"href":"https:\/\/elluchador.info\/index.php?rest_route=\/wp\/v2\/users\/2"}],"replies":[{"embeddable":true,"href":"https:\/\/elluchador.info\/index.php?rest_route=%2Fwp%2Fv2%2Fcomments&post=193419"}],"version-history":[{"count":1,"href":"https:\/\/elluchador.info\/index.php?rest_route=\/wp\/v2\/posts\/193419\/revisions"}],"predecessor-version":[{"id":193422,"href":"https:\/\/elluchador.info\/index.php?rest_route=\/wp\/v2\/posts\/193419\/revisions\/193422"}],"wp:featuredmedia":[{"embeddable":true,"href":"https:\/\/elluchador.info\/index.php?rest_route=\/wp\/v2\/media\/193421"}],"wp:attachment":[{"href":"https:\/\/elluchador.info\/index.php?rest_route=%2Fwp%2Fv2%2Fmedia&parent=193419"}],"wp:term":[{"taxonomy":"category","embeddable":true,"href":"https:\/\/elluchador.info\/index.php?rest_route=%2Fwp%2Fv2%2Fcategories&post=193419"},{"taxonomy":"post_tag","embeddable":true,"href":"https:\/\/elluchador.info\/index.php?rest_route=%2Fwp%2Fv2%2Ftags&post=193419"}],"curies":[{"name":"wp","href":"https:\/\/api.w.org\/{rel}","templated":true}]}}