{"id":193424,"date":"2021-03-20T12:15:23","date_gmt":"2021-03-20T16:15:23","guid":{"rendered":"https:\/\/elluchador.info\/web\/?p=193424"},"modified":"2021-03-20T12:04:58","modified_gmt":"2021-03-20T16:04:58","slug":"fiscalia-pide-la-renuncia-de-jair-bolsonaro-por-la-pandemia","status":"publish","type":"post","link":"https:\/\/elluchador.info\/?p=193424","title":{"rendered":"Fiscal\u00eda pide la renuncia de Jair Bolsonaro por la pandemia"},"content":{"rendered":"\n<p>El Ministerio P\u00fablico de Brasil solicit\u00f3 este viernes al Tribunal de Cuentas de la Uni\u00f3n (TCU) la destituci\u00f3n del presidente Jair Bolsonaro por el vicepresidente, Hamilton Mour\u00e3o durante la gesti\u00f3n de la pandemia.<\/p>\n\n\n\n<p>Seg\u00fan el fiscal general adjunto del Ministerio P\u00fablico del Tribunal Federal de Cuentas, Lucas Furtado se\u00f1al\u00f3 que la mala gesti\u00f3n de Bolsonaro causar\u00e1 da\u00f1os a las arcas p\u00fablicas si no hay servicio a la poblaci\u00f3n durante la pandemia.<\/p>\n\n\n\n<p>La Fiscal\u00eda solicita al TCU que: \u00abDestituya cautelosamente al Presidente de la Rep\u00fablica de funciones y competencias administrativas y jer\u00e1rquicas relacionadas con el mando de los Ministerios de Salud, Hacienda, Casa Civil y otros eventualmente identificados como responsables de inercia y omisi\u00f3n en la implementaci\u00f3n de pol\u00edticas de salud p\u00fablica en el combate a la pandemia Covid-19 \u00ab.<\/p>\n\n\n\n<p>Lucas Furtado tambi\u00e9n desea que el TCU reconozca \u00abla legitimidad, competencia administrativa y autoridad\u00bb de Mour\u00e3o para nombrar a las autoridades responsables de los ministerios.<\/p>\n\n\n\n<p>En la solicitud al TCU, Furtado argumenta que urge adoptar medidas que induzcan a un \u00abnivel m\u00ednimo de efectividad\u00bb para actuar por parte de los organismos federales encargados de los servicios de salud.<\/p>\n\n\n\n<p>Desde el inicio de la pandemia, Bolsonaro ha contradecido los lineamientos de especialistas y autoridades de salud p\u00fablica.<\/p>\n\n\n\n<p>Jair Bolsonaro ha desestimado y criticado las recomendaciones de la Organizaci\u00f3n Mundial de la Salud como el uso de mascarillas y otras medidas de aislamiento para hacer frente a la Covid-19.<\/p>\n\n\n\n<p><strong>Telesur<\/strong><\/p>\n","protected":false},"excerpt":{"rendered":"<p>El Ministerio P\u00fablico de Brasil solicit\u00f3 este viernes al Tribunal de Cuentas de la Uni\u00f3n (TCU) la destituci\u00f3n del presidente Jair Bolsonaro por el vicepresidente, Hamilton Mour\u00e3o durante la gesti\u00f3n de la pandemia. Seg\u00fan el fiscal general adjunto del Ministerio P\u00fablico del Tribunal Federal de Cuentas, Lucas Furtado se\u00f1al\u00f3 que la mala gesti\u00f3n de Bolsonaro [&hellip;]<\/p>\n","protected":false},"author":2,"featured_media":193425,"comment_status":"closed","ping_status":"closed","sticky":false,"template":"","format":"standard","meta":{"footnotes":""},"categories":[8],"tags":[],"class_list":{"0":"post-193424","1":"post","2":"type-post","3":"status-publish","4":"format-standard","5":"has-post-thumbnail","7":"category-internacionales"},"_links":{"self":[{"href":"https:\/\/elluchador.info\/index.php?rest_route=\/wp\/v2\/posts\/193424","targetHints":{"allow":["GET"]}}],"collection":[{"href":"https:\/\/elluchador.info\/index.php?rest_route=\/wp\/v2\/posts"}],"about":[{"href":"https:\/\/elluchador.info\/index.php?rest_route=\/wp\/v2\/types\/post"}],"author":[{"embeddable":true,"href":"https:\/\/elluchador.info\/index.php?rest_route=\/wp\/v2\/users\/2"}],"replies":[{"embeddable":true,"href":"https:\/\/elluchador.info\/index.php?rest_route=%2Fwp%2Fv2%2Fcomments&post=193424"}],"version-history":[{"count":1,"href":"https:\/\/elluchador.info\/index.php?rest_route=\/wp\/v2\/posts\/193424\/revisions"}],"predecessor-version":[{"id":193426,"href":"https:\/\/elluchador.info\/index.php?rest_route=\/wp\/v2\/posts\/193424\/revisions\/193426"}],"wp:featuredmedia":[{"embeddable":true,"href":"https:\/\/elluchador.info\/index.php?rest_route=\/wp\/v2\/media\/193425"}],"wp:attachment":[{"href":"https:\/\/elluchador.info\/index.php?rest_route=%2Fwp%2Fv2%2Fmedia&parent=193424"}],"wp:term":[{"taxonomy":"category","embeddable":true,"href":"https:\/\/elluchador.info\/index.php?rest_route=%2Fwp%2Fv2%2Fcategories&post=193424"},{"taxonomy":"post_tag","embeddable":true,"href":"https:\/\/elluchador.info\/index.php?rest_route=%2Fwp%2Fv2%2Ftags&post=193424"}],"curies":[{"name":"wp","href":"https:\/\/api.w.org\/{rel}","templated":true}]}}