{"id":193780,"date":"2021-05-02T21:52:00","date_gmt":"2021-05-03T01:52:00","guid":{"rendered":"https:\/\/elluchador.info\/web\/?p=193780"},"modified":"2021-05-02T21:46:40","modified_gmt":"2021-05-03T01:46:40","slug":"atencion-saime-no-trabajara-esta-semana-de-cuarentena-radical","status":"publish","type":"post","link":"https:\/\/elluchador.info\/?p=193780","title":{"rendered":"Atenci\u00f3n, Saime no trabajar\u00e1 esta semana de cuarentena Radical"},"content":{"rendered":"\n<p><br>El Saime informa que cumpliremos con la cuarentena radical bajo el m\u00e9todo 7+7 decretada por el Ejecutivo Nacional. Se suspende la atenci\u00f3n al p\u00fablico en todas nuestras oficinas desde el <a href=\"https:\/\/twitter.com\/hashtag\/3Mayo?src=hashtag_click\">#3Mayo<\/a> hasta el <a href=\"https:\/\/twitter.com\/hashtag\/9Mayo?src=hashtag_click\">#9Mayo<\/a> de 2021.<\/p>\n\n\n\n<p>Nuestro portal web <a href=\"https:\/\/t.co\/TdNmsaqsOT?amp=1\" rel=\"noreferrer noopener\" target=\"_blank\">http:\/\/saime.gob.ve<\/a> se encuentra activo para tus tr\u00e1mites de identificaci\u00f3n.<\/p>\n\n\n\n<p>Si presentas s\u00edntomas como malestar general, fiebre, dificultad respiratoria, tos, etc., no te automediques y dir\u00edgete al centro de salud m\u00e1s cercano.<\/p>\n\n\n\n<figure class=\"wp-block-image size-large\"><img loading=\"lazy\" decoding=\"async\" width=\"680\" height=\"680\" src=\"https:\/\/elluchador.info\/web\/wp-content\/uploads\/2021\/05\/E0a5BsoXMAgjhsJ.jpg\" alt=\"\" class=\"wp-image-193781\" srcset=\"https:\/\/elluchador.info\/wp-content\/uploads\/2021\/05\/E0a5BsoXMAgjhsJ.jpg 680w, https:\/\/elluchador.info\/wp-content\/uploads\/2021\/05\/E0a5BsoXMAgjhsJ-300x300.jpg 300w, https:\/\/elluchador.info\/wp-content\/uploads\/2021\/05\/E0a5BsoXMAgjhsJ-150x150.jpg 150w\" sizes=\"auto, (max-width: 680px) 100vw, 680px\" \/><\/figure>\n\n\n\n<p>Via Twitter Saime <\/p>\n","protected":false},"excerpt":{"rendered":"<p>El Saime informa que cumpliremos con la cuarentena radical bajo el m\u00e9todo 7+7 decretada por el Ejecutivo Nacional. Se suspende la atenci\u00f3n al p\u00fablico en todas nuestras oficinas desde el #3Mayo hasta el #9Mayo de 2021. Nuestro portal web http:\/\/saime.gob.ve se encuentra activo para tus tr\u00e1mites de identificaci\u00f3n. Si presentas s\u00edntomas como malestar general, fiebre, [&hellip;]<\/p>\n","protected":false},"author":2,"featured_media":193782,"comment_status":"closed","ping_status":"closed","sticky":false,"template":"","format":"standard","meta":{"footnotes":""},"categories":[5,9],"tags":[],"class_list":{"0":"post-193780","1":"post","2":"type-post","3":"status-publish","4":"format-standard","5":"has-post-thumbnail","7":"category-destacado","8":"category-nacionales"},"_links":{"self":[{"href":"https:\/\/elluchador.info\/index.php?rest_route=\/wp\/v2\/posts\/193780","targetHints":{"allow":["GET"]}}],"collection":[{"href":"https:\/\/elluchador.info\/index.php?rest_route=\/wp\/v2\/posts"}],"about":[{"href":"https:\/\/elluchador.info\/index.php?rest_route=\/wp\/v2\/types\/post"}],"author":[{"embeddable":true,"href":"https:\/\/elluchador.info\/index.php?rest_route=\/wp\/v2\/users\/2"}],"replies":[{"embeddable":true,"href":"https:\/\/elluchador.info\/index.php?rest_route=%2Fwp%2Fv2%2Fcomments&post=193780"}],"version-history":[{"count":1,"href":"https:\/\/elluchador.info\/index.php?rest_route=\/wp\/v2\/posts\/193780\/revisions"}],"predecessor-version":[{"id":193783,"href":"https:\/\/elluchador.info\/index.php?rest_route=\/wp\/v2\/posts\/193780\/revisions\/193783"}],"wp:featuredmedia":[{"embeddable":true,"href":"https:\/\/elluchador.info\/index.php?rest_route=\/wp\/v2\/media\/193782"}],"wp:attachment":[{"href":"https:\/\/elluchador.info\/index.php?rest_route=%2Fwp%2Fv2%2Fmedia&parent=193780"}],"wp:term":[{"taxonomy":"category","embeddable":true,"href":"https:\/\/elluchador.info\/index.php?rest_route=%2Fwp%2Fv2%2Fcategories&post=193780"},{"taxonomy":"post_tag","embeddable":true,"href":"https:\/\/elluchador.info\/index.php?rest_route=%2Fwp%2Fv2%2Ftags&post=193780"}],"curies":[{"name":"wp","href":"https:\/\/api.w.org\/{rel}","templated":true}]}}