{"id":193785,"date":"2021-05-03T05:15:00","date_gmt":"2021-05-03T09:15:00","guid":{"rendered":"https:\/\/elluchador.info\/web\/?p=193785"},"modified":"2021-05-03T16:55:59","modified_gmt":"2021-05-03T20:55:59","slug":"se-mantienen-las-protestas-en-colombia-que-suman-16-fallecidos","status":"publish","type":"post","link":"https:\/\/elluchador.info\/?p=193785","title":{"rendered":"Se mantienen las protestas en Colombia que suman 16 fallecidos"},"content":{"rendered":"\n<p>Las protestas y des\u00f3rdenes de los \u00faltimos seis d\u00edas en Colombia en contra del cuestionado proyecto de reforma tributaria, ya retirado por el Gobierno, dejan al menos 16 muertos y m\u00e1s de 700 heridos, inform\u00f3 este lunes la Defensor\u00eda del Pueblo.<\/p>\n\n\n\n<p>Seg\u00fan datos de la instituci\u00f3n, que no dio detalles sobre la identidad de las v\u00edctimas ni las circunstancias de las muertes, en las agitadas jornadas tambi\u00e9n \u00abhan resultado heridos 254 civiles y 457 polic\u00edas\u00ab.<\/p>\n\n\n\n<p>Las protestas comenzaron el pasado mi\u00e9rcoles de manera pac\u00edfica en las principales ciudades del pa\u00eds, sin embargo los hechos de vandalismo y desmanes en lugares como Cali, Ibagu\u00e9, Medell\u00edn y Bogot\u00e1 han aumentado la tensi\u00f3n social.<\/p>\n\n\n\n<p>Este lunes se sumaron taxistas y gandoleros se unieron al \u00abparo nacional\u00bb, y algunas calles en la capital se mantienen bloqueadas.<\/p>\n\n\n\n<p>El presidente Iv\u00e1n Duque anunci\u00f3 el domingo el retiro del pol\u00e9mico proyecto presentado el 15 de abril por el Ministerio de Hacienda y solicit\u00f3 al Congreso tramitar de manera urgente un nuevo proyecto fruto de los consensos para as\u00ed evitar la incertidumbre financiera.<\/p>\n\n\n\n<p>El Comit\u00e9 promotor de las protestas dio hoy una rueda de prensa en la que la segunda vicepresidenta de la Federaci\u00f3n Colombiana de Trabajadores de la Educaci\u00f3n (Fecode), Martha Alonso, dio unas cifras de fallecidos m\u00e1s altas que las de la Defensor\u00eda.<\/p>\n\n\n\n<p>\u00abAl momento tenemos 1.089 casos de violencia policial, dentro de los cuales hemos podido identificar al menos 124 heridos de violencia\u00bb, expres\u00f3.<\/p>\n\n\n\n<p>EFE<\/p>\n","protected":false},"excerpt":{"rendered":"<p>Las protestas y des\u00f3rdenes de los \u00faltimos seis d\u00edas en Colombia en contra del cuestionado proyecto de reforma tributaria, ya retirado por el Gobierno, dejan al menos 16 muertos y m\u00e1s de 700 heridos, inform\u00f3 este lunes la Defensor\u00eda del Pueblo. Seg\u00fan datos de la instituci\u00f3n, que no dio detalles sobre la identidad de las [&hellip;]<\/p>\n","protected":false},"author":2,"featured_media":193786,"comment_status":"closed","ping_status":"closed","sticky":false,"template":"","format":"standard","meta":{"footnotes":""},"categories":[8],"tags":[],"class_list":{"0":"post-193785","1":"post","2":"type-post","3":"status-publish","4":"format-standard","5":"has-post-thumbnail","7":"category-internacionales"},"_links":{"self":[{"href":"https:\/\/elluchador.info\/index.php?rest_route=\/wp\/v2\/posts\/193785","targetHints":{"allow":["GET"]}}],"collection":[{"href":"https:\/\/elluchador.info\/index.php?rest_route=\/wp\/v2\/posts"}],"about":[{"href":"https:\/\/elluchador.info\/index.php?rest_route=\/wp\/v2\/types\/post"}],"author":[{"embeddable":true,"href":"https:\/\/elluchador.info\/index.php?rest_route=\/wp\/v2\/users\/2"}],"replies":[{"embeddable":true,"href":"https:\/\/elluchador.info\/index.php?rest_route=%2Fwp%2Fv2%2Fcomments&post=193785"}],"version-history":[{"count":1,"href":"https:\/\/elluchador.info\/index.php?rest_route=\/wp\/v2\/posts\/193785\/revisions"}],"predecessor-version":[{"id":193787,"href":"https:\/\/elluchador.info\/index.php?rest_route=\/wp\/v2\/posts\/193785\/revisions\/193787"}],"wp:featuredmedia":[{"embeddable":true,"href":"https:\/\/elluchador.info\/index.php?rest_route=\/wp\/v2\/media\/193786"}],"wp:attachment":[{"href":"https:\/\/elluchador.info\/index.php?rest_route=%2Fwp%2Fv2%2Fmedia&parent=193785"}],"wp:term":[{"taxonomy":"category","embeddable":true,"href":"https:\/\/elluchador.info\/index.php?rest_route=%2Fwp%2Fv2%2Fcategories&post=193785"},{"taxonomy":"post_tag","embeddable":true,"href":"https:\/\/elluchador.info\/index.php?rest_route=%2Fwp%2Fv2%2Ftags&post=193785"}],"curies":[{"name":"wp","href":"https:\/\/api.w.org\/{rel}","templated":true}]}}