{"id":194989,"date":"2021-07-04T09:48:14","date_gmt":"2021-07-04T13:48:14","guid":{"rendered":"https:\/\/elluchador.info\/web\/?p=194989"},"modified":"2021-07-04T09:48:16","modified_gmt":"2021-07-04T13:48:16","slug":"francisco-pide-esfuerzo-comun-por-el-dialogo-en-crisis-de-esuatini","status":"publish","type":"post","link":"https:\/\/elluchador.info\/?p=194989","title":{"rendered":"Francisco pide esfuerzo com\u00fan por el \u00abdi\u00e1logo\u00bb en crisis de Esuatini"},"content":{"rendered":"\n<p><br>El papa pidi\u00f3 hoy \u00abun esfuerzo com\u00fan\u00bb por el \u00abdi\u00e1logo\u00bb en Esuatini, donde al menos 20 personas han muerto a manos de las fuerzas de seguridad y 150 fueron hospitalizadas durante las intensas protestas prodemocracia que vive este pa\u00eds, \u00faltima monarqu\u00eda absoluta de \u00c1frica, seg\u00fan Amnist\u00eda Internacional (AI).<\/p>\n\n\n\n<p>Tras constar las \u00abnoticias de tensiones y violencia\u00bb procedentes de Esuatini, Francisco se refiri\u00f3 tanto a quienes \u00abdetentan la responsabilidad\u00bb de la naci\u00f3n africana como a \u00abquienes manifiestan sus aspiraciones por el futuro del pa\u00eds\u00bb.<\/p>\n\n\n\n<p>A todos ellos les pidi\u00f3 \u00abun esfuerzo com\u00fan\u00bb por \u00abel di\u00e1logo, la reconciliaci\u00f3n y la composici\u00f3n pac\u00edfica de las diversas posiciones\u00bb, al t\u00e9rmino del rezo dominical del Angelus ante decenas de fieles congregados en la plaza de San Pedro del Vaticano.<\/p>\n\n\n\n<p>Seg\u00fan AI, que denuncia tambi\u00e9n varios desaparecidos, torturas y detenciones ilegales, los muertos totales podr\u00edan ser \u00abdocenas\u00bb en las \u00faltimas semanas, cuando una oleada de protestas prodemocracia ha sacudido el pa\u00eds para exigir reformas pol\u00edticas y clamar contra la brutalidad de la represi\u00f3n.<\/p>\n\n\n\n<p>Las movilizaciones se tornaron especialmente violentas desde el pasado lunes, con saqueos, quema de camiones, campos e inmuebles y graves enfrentamientos entre manifestantes y fuerzas de seguridad.<\/p>\n\n\n\n<p>En respuesta, el Gobierno orden\u00f3 un toque de queda, cort\u00f3 internet y despleg\u00f3 al Ej\u00e9rcito en las calles.<\/p>\n\n\n\n<p>Esuatini se encuentra bajo el mando absoluto de Mswati III desde 1986 y cuenta con poco m\u00e1s de un mill\u00f3n de habitantes, en su mayor\u00eda j\u00f3venes.<\/p>\n\n\n\n<p>EFE<\/p>\n","protected":false},"excerpt":{"rendered":"<p>El papa pidi\u00f3 hoy \u00abun esfuerzo com\u00fan\u00bb por el \u00abdi\u00e1logo\u00bb en Esuatini, donde al menos 20 personas han muerto a manos de las fuerzas de seguridad y 150 fueron hospitalizadas durante las intensas protestas prodemocracia que vive este pa\u00eds, \u00faltima monarqu\u00eda absoluta de \u00c1frica, seg\u00fan Amnist\u00eda Internacional (AI). Tras constar las \u00abnoticias de tensiones y [&hellip;]<\/p>\n","protected":false},"author":2,"featured_media":194990,"comment_status":"closed","ping_status":"closed","sticky":false,"template":"","format":"standard","meta":{"footnotes":""},"categories":[5,8],"tags":[],"class_list":{"0":"post-194989","1":"post","2":"type-post","3":"status-publish","4":"format-standard","5":"has-post-thumbnail","7":"category-destacado","8":"category-internacionales"},"_links":{"self":[{"href":"https:\/\/elluchador.info\/index.php?rest_route=\/wp\/v2\/posts\/194989","targetHints":{"allow":["GET"]}}],"collection":[{"href":"https:\/\/elluchador.info\/index.php?rest_route=\/wp\/v2\/posts"}],"about":[{"href":"https:\/\/elluchador.info\/index.php?rest_route=\/wp\/v2\/types\/post"}],"author":[{"embeddable":true,"href":"https:\/\/elluchador.info\/index.php?rest_route=\/wp\/v2\/users\/2"}],"replies":[{"embeddable":true,"href":"https:\/\/elluchador.info\/index.php?rest_route=%2Fwp%2Fv2%2Fcomments&post=194989"}],"version-history":[{"count":1,"href":"https:\/\/elluchador.info\/index.php?rest_route=\/wp\/v2\/posts\/194989\/revisions"}],"predecessor-version":[{"id":194991,"href":"https:\/\/elluchador.info\/index.php?rest_route=\/wp\/v2\/posts\/194989\/revisions\/194991"}],"wp:featuredmedia":[{"embeddable":true,"href":"https:\/\/elluchador.info\/index.php?rest_route=\/wp\/v2\/media\/194990"}],"wp:attachment":[{"href":"https:\/\/elluchador.info\/index.php?rest_route=%2Fwp%2Fv2%2Fmedia&parent=194989"}],"wp:term":[{"taxonomy":"category","embeddable":true,"href":"https:\/\/elluchador.info\/index.php?rest_route=%2Fwp%2Fv2%2Fcategories&post=194989"},{"taxonomy":"post_tag","embeddable":true,"href":"https:\/\/elluchador.info\/index.php?rest_route=%2Fwp%2Fv2%2Ftags&post=194989"}],"curies":[{"name":"wp","href":"https:\/\/api.w.org\/{rel}","templated":true}]}}