{"id":195085,"date":"2021-07-06T05:30:47","date_gmt":"2021-07-06T09:30:47","guid":{"rendered":"https:\/\/elluchador.info\/web\/?p=195085"},"modified":"2021-07-06T05:30:48","modified_gmt":"2021-07-06T09:30:48","slug":"trabajadores-publicos-solicitan-equidad-en-el-pago-de-los-salarios","status":"publish","type":"post","link":"https:\/\/elluchador.info\/?p=195085","title":{"rendered":"Trabajadores p\u00fablicos solicitan equidad en el pago de los salarios"},"content":{"rendered":"\n<p><br>El presidente de la Federaci\u00f3n Nacional de Empleados P\u00fablicos (Fedeunep), Antonio Su\u00e1rez, asegur\u00f3 que es necesario realizar un censo institucional de la administraci\u00f3n p\u00fablica.<\/p>\n\n\n\n<p>Explic\u00f3 que las autoridades realizan pagos en divisas a los trabajadores que se encuentran activos desde el inicio de la pandemia, lo que no ocurre con aquellos que retornaron a su trabajo recientemente.<\/p>\n\n\n\n<p>\u00abLo importante no es que ellos sean compensados, lo relevante aqu\u00ed es qu\u00e9 pasa con el salario del trabajador, del normal\u00bb.<\/p>\n\n\n\n<p>Su\u00e1rez expres\u00f3 su preocupaci\u00f3n de que esta situaci\u00f3n incremente la desigualdad dentro del sector.<\/p>\n\n\n\n<p>Uni\u00f3n Radio<\/p>\n","protected":false},"excerpt":{"rendered":"<p>El presidente de la Federaci\u00f3n Nacional de Empleados P\u00fablicos (Fedeunep), Antonio Su\u00e1rez, asegur\u00f3 que es necesario realizar un censo institucional de la administraci\u00f3n p\u00fablica. Explic\u00f3 que las autoridades realizan pagos en divisas a los trabajadores que se encuentran activos desde el inicio de la pandemia, lo que no ocurre con aquellos que retornaron a su [&hellip;]<\/p>\n","protected":false},"author":2,"featured_media":195086,"comment_status":"closed","ping_status":"closed","sticky":false,"template":"","format":"standard","meta":{"footnotes":""},"categories":[9],"tags":[],"class_list":{"0":"post-195085","1":"post","2":"type-post","3":"status-publish","4":"format-standard","5":"has-post-thumbnail","7":"category-nacionales"},"_links":{"self":[{"href":"https:\/\/elluchador.info\/index.php?rest_route=\/wp\/v2\/posts\/195085","targetHints":{"allow":["GET"]}}],"collection":[{"href":"https:\/\/elluchador.info\/index.php?rest_route=\/wp\/v2\/posts"}],"about":[{"href":"https:\/\/elluchador.info\/index.php?rest_route=\/wp\/v2\/types\/post"}],"author":[{"embeddable":true,"href":"https:\/\/elluchador.info\/index.php?rest_route=\/wp\/v2\/users\/2"}],"replies":[{"embeddable":true,"href":"https:\/\/elluchador.info\/index.php?rest_route=%2Fwp%2Fv2%2Fcomments&post=195085"}],"version-history":[{"count":1,"href":"https:\/\/elluchador.info\/index.php?rest_route=\/wp\/v2\/posts\/195085\/revisions"}],"predecessor-version":[{"id":195087,"href":"https:\/\/elluchador.info\/index.php?rest_route=\/wp\/v2\/posts\/195085\/revisions\/195087"}],"wp:featuredmedia":[{"embeddable":true,"href":"https:\/\/elluchador.info\/index.php?rest_route=\/wp\/v2\/media\/195086"}],"wp:attachment":[{"href":"https:\/\/elluchador.info\/index.php?rest_route=%2Fwp%2Fv2%2Fmedia&parent=195085"}],"wp:term":[{"taxonomy":"category","embeddable":true,"href":"https:\/\/elluchador.info\/index.php?rest_route=%2Fwp%2Fv2%2Fcategories&post=195085"},{"taxonomy":"post_tag","embeddable":true,"href":"https:\/\/elluchador.info\/index.php?rest_route=%2Fwp%2Fv2%2Ftags&post=195085"}],"curies":[{"name":"wp","href":"https:\/\/api.w.org\/{rel}","templated":true}]}}