{"id":195112,"date":"2021-07-06T12:04:10","date_gmt":"2021-07-06T16:04:10","guid":{"rendered":"https:\/\/elluchador.info\/web\/?p=195112"},"modified":"2021-07-06T12:04:11","modified_gmt":"2021-07-06T16:04:11","slug":"biden-envio-felicitaciones-a-guaido-en-el-marco-del-aniversario-de-la-firma-del-acta-de-independencia","status":"publish","type":"post","link":"https:\/\/elluchador.info\/?p=195112","title":{"rendered":"Biden envi\u00f3 felicitaciones a Guaido en el marco del aniversario de la firma del Acta de Independencia"},"content":{"rendered":"\n<p>Como parte de un mensaje por el 210 aniversario de la firma del Acta de Independencia venezolana, el presidente de Estados Unidos, Joe Biden, expres\u00f3 al l\u00edder opositor Juan Guaid\u00f3 su m\u00e1s \u201csincera felicitaci\u00f3n\u201d el pasado 5 de julio.<\/p>\n\n\n\n<p>Citando al Libertador Sim\u00f3n Bol\u00edvar, el mandatario estadounidense se\u00f1al\u00f3: \u201c\u2018Un pueblo que ama la libertad, al final ser\u00e1 libre\u2019. Como siempre, seguimos comprometidos a apoyar la lucha por la libertad de todos los venezolanos mediante una transici\u00f3n de poder pac\u00edfica y democr\u00e1tica\u201d.<\/p>\n\n\n\n<p>Se\u00f1ala la web de Infobae que, en el texto de la misiva, Biden resalt\u00f3 que \u201cen este d\u00eda reflexionamos sobre el enorme trabajo que usted, su gobierno, la Asamblea Nacional elegida y, lo que es m\u00e1s importante, el pueblo de Venezuela han logrado en la b\u00fasqueda de una transici\u00f3n pac\u00edfica y democr\u00e1tica en Venezuela\u201d.<\/p>\n\n\n\n<p>Agreg\u00f3: \u201cBajo su liderazgo, y en coalici\u00f3n con los l\u00edderes de la sociedad civil, usted est\u00e1 preservando esos ideales de libertad, democracia y soberan\u00eda\u201d.<\/p>\n\n\n\n<p>M\u00e1s temprano, desde sus redes sociales, el embajador norteamericano para Venezuela, James Story, public\u00f3 un mensaje: \u201c\u00a1Feliz D\u00eda de la Independencia para toda Venezuela! Los EE.UU. y Venezuela tenemos tanto en com\u00fan que celebramos nuestra independencia solo con un d\u00eda de diferencia. Tambi\u00e9n compartimos valores fundamentales y la importancia de la democracia\u201d.<\/p>\n\n\n\n<p>\u201cDebemos levantarnos en cada rinc\u00f3n de Venezuela para luchar por nuestros derechos. Hoy, como aquel #5DeJulio de 1811, nos comprometemos con nuestro pa\u00eds y con buscar a todos los que queremos un cambio para exigir nuestra libertad y segunda independencia\u201d, manifest\u00f3 Guaid\u00f3, por su parte, en sus redes sociales este lunes.<\/p>\n\n\n\n<p>Con motivo del D\u00eda de la Independencia de Venezuela, el opositor encabez\u00f3 un acto en la Plaza Bri\u00f3n de Chaca\u00edto, en Caracas, donde reiter\u00f3 la necesidad de un Acuerdo de Salvaci\u00f3n Nacional.<\/p>\n\n\n\n<p>Al respecto, indic\u00f3 que los venezolanos, al suscribirse a esa iniciativa, colocan la firma como lo hicieron los pr\u00f3ceres del pa\u00eds hace 210 a\u00f1os: \u201cCon ella nos comprometemos con el sue\u00f1o de ver renacer a nuestro pa\u00eds\u201d.<\/p>\n\n\n\n<p>WTC Radio<\/p>\n","protected":false},"excerpt":{"rendered":"<p>Como parte de un mensaje por el 210 aniversario de la firma del Acta de Independencia venezolana, el presidente de Estados Unidos, Joe Biden, expres\u00f3 al l\u00edder opositor Juan Guaid\u00f3 su m\u00e1s \u201csincera felicitaci\u00f3n\u201d el pasado 5 de julio. Citando al Libertador Sim\u00f3n Bol\u00edvar, el mandatario estadounidense se\u00f1al\u00f3: \u201c\u2018Un pueblo que ama la libertad, al [&hellip;]<\/p>\n","protected":false},"author":2,"featured_media":195113,"comment_status":"closed","ping_status":"closed","sticky":false,"template":"","format":"standard","meta":{"footnotes":""},"categories":[5,11],"tags":[],"class_list":{"0":"post-195112","1":"post","2":"type-post","3":"status-publish","4":"format-standard","5":"has-post-thumbnail","7":"category-destacado","8":"category-politica"},"_links":{"self":[{"href":"https:\/\/elluchador.info\/index.php?rest_route=\/wp\/v2\/posts\/195112","targetHints":{"allow":["GET"]}}],"collection":[{"href":"https:\/\/elluchador.info\/index.php?rest_route=\/wp\/v2\/posts"}],"about":[{"href":"https:\/\/elluchador.info\/index.php?rest_route=\/wp\/v2\/types\/post"}],"author":[{"embeddable":true,"href":"https:\/\/elluchador.info\/index.php?rest_route=\/wp\/v2\/users\/2"}],"replies":[{"embeddable":true,"href":"https:\/\/elluchador.info\/index.php?rest_route=%2Fwp%2Fv2%2Fcomments&post=195112"}],"version-history":[{"count":1,"href":"https:\/\/elluchador.info\/index.php?rest_route=\/wp\/v2\/posts\/195112\/revisions"}],"predecessor-version":[{"id":195114,"href":"https:\/\/elluchador.info\/index.php?rest_route=\/wp\/v2\/posts\/195112\/revisions\/195114"}],"wp:featuredmedia":[{"embeddable":true,"href":"https:\/\/elluchador.info\/index.php?rest_route=\/wp\/v2\/media\/195113"}],"wp:attachment":[{"href":"https:\/\/elluchador.info\/index.php?rest_route=%2Fwp%2Fv2%2Fmedia&parent=195112"}],"wp:term":[{"taxonomy":"category","embeddable":true,"href":"https:\/\/elluchador.info\/index.php?rest_route=%2Fwp%2Fv2%2Fcategories&post=195112"},{"taxonomy":"post_tag","embeddable":true,"href":"https:\/\/elluchador.info\/index.php?rest_route=%2Fwp%2Fv2%2Ftags&post=195112"}],"curies":[{"name":"wp","href":"https:\/\/api.w.org\/{rel}","templated":true}]}}